{"id":10439,"date":"2023-12-05T09:19:08","date_gmt":"2023-12-05T15:19:08","guid":{"rendered":"https:\/\/mezcalent.com\/news\/?p=10439"},"modified":"2023-12-05T09:23:03","modified_gmt":"2023-12-05T15:23:03","slug":"imelda-tunon-sale-en-defensa-de-maribel-guardia","status":"publish","type":"post","link":"https:\/\/mezcalent.com\/news\/imelda-tunon-sale-en-defensa-de-maribel-guardia-10439.html","title":{"rendered":"Imelda Tu\u00f1\u00f3n sale en defensa de Maribel Guardia\u00a0"},"content":{"rendered":"\n<p>05 DIC (MEX) .- Tras varias semanas guardando silencio sobre el esc\u00e1ndalo que rode\u00f3 a su madre y a Maribel Guardia, Imelda Tu\u00f1\u00f3n finalmente ha decidido dar la cara y como era de esperarse, se puso del lado de la actriz.<\/p>\n\n\n\n<p>En entrevista para \u00abDe Primera Mano\u00bb, la viuda de Juli\u00e1n Figueroa asegur\u00f3 que, pese a que siente un gran cari\u00f1o por la mujer que le dio la vida, s\u00ed lleg\u00f3 a reclamarle sobre el rumor que invent\u00f3 sobre el divorcio de la costarricense y su marido.<\/p>\n\n\n\n<p>\u00abS\u00ed fue desafortunado lo que dijo, yo s\u00e9 perfectamente que no estuvo bien. Le mand\u00e9 un mensaje y a los cinco d\u00edas me contest\u00f3 pidi\u00e9ndome perd\u00f3n. La verdad es que Maribel y Marco son una pareja muy estable, tienen 25 a\u00f1os juntos y como todas las parejas han tenido contratiempos, pero yo los veo bien, los veo s\u00f3lidos y que van para adelante por muchos a\u00f1os m\u00e1s\u00bb, dijo Imelda.<\/p>\n\n\n\n<p>Para finalizar, la joven actriz y cantante asegur\u00f3 que lo que m\u00e1s le molest\u00f3 fue que ella estuviera en medio de todo el esc\u00e1ndalo. Asimismo, desminti\u00f3 que est\u00e9 rehaciendo su vida sentimental tal y como se ha especulado recientemente.&nbsp;<\/p>\n\n\n\n<p>Fiera Lasa\/Mezcalent.com&nbsp;<\/p>\n\n\n\n<p>&lt;i&gt;Prohibida su reproducci\u00f3n parcial o total. La copia o distribuci\u00f3n no autorizada de este art\u00edculo y su correspondiente imagen infringe los derechos de autor.&lt;\/i&gt;<\/p>\n","protected":false},"excerpt":{"rendered":"<p>05 DIC (MEX) .- Tras varias semanas guardando silencio sobre el esc\u00e1ndalo que rode\u00f3 a su madre y a Maribel Guardia, Imelda Tu\u00f1\u00f3n finalmente ha decidido dar la cara y como era de esperarse, se puso del lado de la actriz.<\/p>\n","protected":false},"author":3,"featured_media":10441,"comment_status":"closed","ping_status":"closed","sticky":false,"template":"","format":"standard","meta":{"_seopress_robots_primary_cat":"none"},"categories":[1],"tags":[1042,129],"acf":[],"_links":{"self":[{"href":"https:\/\/mezcalent.com\/news\/wp-json\/wp\/v2\/posts\/10439"}],"collection":[{"href":"https:\/\/mezcalent.com\/news\/wp-json\/wp\/v2\/posts"}],"about":[{"href":"https:\/\/mezcalent.com\/news\/wp-json\/wp\/v2\/types\/post"}],"author":[{"embeddable":true,"href":"https:\/\/mezcalent.com\/news\/wp-json\/wp\/v2\/users\/3"}],"replies":[{"embeddable":true,"href":"https:\/\/mezcalent.com\/news\/wp-json\/wp\/v2\/comments?post=10439"}],"version-history":[{"count":2,"href":"https:\/\/mezcalent.com\/news\/wp-json\/wp\/v2\/posts\/10439\/revisions"}],"predecessor-version":[{"id":10447,"href":"https:\/\/mezcalent.com\/news\/wp-json\/wp\/v2\/posts\/10439\/revisions\/10447"}],"wp:featuredmedia":[{"embeddable":true,"href":"https:\/\/mezcalent.com\/news\/wp-json\/wp\/v2\/media\/10441"}],"wp:attachment":[{"href":"https:\/\/mezcalent.com\/news\/wp-json\/wp\/v2\/media?parent=10439"}],"wp:term":[{"taxonomy":"category","embeddable":true,"href":"https:\/\/mezcalent.com\/news\/wp-json\/wp\/v2\/categories?post=10439"},{"taxonomy":"post_tag","embeddable":true,"href":"https:\/\/mezcalent.com\/news\/wp-json\/wp\/v2\/tags?post=10439"}],"curies":[{"name":"wp","href":"https:\/\/api.w.org\/{rel}","templated":true}]}}