{"id":10937,"date":"2024-01-16T09:16:11","date_gmt":"2024-01-16T15:16:11","guid":{"rendered":"https:\/\/mezcalent.com\/news\/?p=10937"},"modified":"2024-01-16T09:16:12","modified_gmt":"2024-01-16T15:16:12","slug":"gloria-trevi-le-dedica-mensaje-a-su-papa-en-show","status":"publish","type":"post","link":"https:\/\/mezcalent.com\/news\/gloria-trevi-le-dedica-mensaje-a-su-papa-en-show-10937.html","title":{"rendered":"Gloria Trevi le dedica mensaje a su pap\u00e1 en show\u00a0"},"content":{"rendered":"\n<p>16 ENE (MEX) .- Gloria Trevi se present\u00f3 en Ciudad Victoria, Tamaulipas como parte de su gira de conciertos \u00abMi Soundtrack Vol. 2\u00bb y entre las miles de personas que se dieron cita para corear sus \u00e9xitos estaba un invitado muy especial: su padre.<\/p>\n\n\n\n<p>La cantante recibi\u00f3 un ramo de flores de parte de don Manuel Trevi\u00f1o y, visiblemente conmovida, tom\u00f3 unos minutos para dedicarle unas palabras y agradecer su asistencia, pues fue un momento sumamente significativo para ella.<\/p>\n\n\n\n<p>\u00abTengo al mejor pap\u00e1 del mundo, yo s\u00e9 que muchos de ustedes piensan que es el suyo, pero no. Cuando sali\u00f3 la serie me enter\u00e9 que \u00e9l vio algunos cap\u00edtulos y se puso a llorar, \u00e9l no sab\u00eda mi historia, yo nunca le cont\u00e9. As\u00ed que lo amo por eso y m\u00e1s\u00bb, dijo Gloria.<\/p>\n\n\n\n<p>Para finalizar, la int\u00e9rprete de \u00abPelo Suelto\u00bb asegur\u00f3 que una vez que se deje de buscar la justicia por cr\u00edmenes de violencia contra la mujer sabr\u00e1 que su mensaje vali\u00f3 la pena, mientras tanto, continuar\u00e1 compartiendo su historia de vida.<\/p>\n\n\n\n<p>Fiera Lasa\/Mezcalent.com&nbsp;<\/p>\n\n\n\n<p>&lt;i&gt;Prohibida su reproducci\u00f3n parcial o total. La copia o distribuci\u00f3n no autorizada de este art\u00edculo y su correspondiente imagen infringe los derechos de autor.&lt;\/i&gt;<\/p>\n","protected":false},"excerpt":{"rendered":"<p>16 ENE (MEX) .- Gloria Trevi se present\u00f3 en Ciudad Victoria, Tamaulipas como parte de su gira de conciertos &quot;Mi Soundtrack Vol. 2&quot; y entre las miles de personas que se dieron cita para corear sus \u00e9xitos estaba un invitado muy especial: su padre.<\/p>\n","protected":false},"author":3,"featured_media":10939,"comment_status":"closed","ping_status":"closed","sticky":false,"template":"","format":"standard","meta":{"_seopress_robots_primary_cat":"none"},"categories":[1],"tags":[103],"acf":[],"_links":{"self":[{"href":"https:\/\/mezcalent.com\/news\/wp-json\/wp\/v2\/posts\/10937"}],"collection":[{"href":"https:\/\/mezcalent.com\/news\/wp-json\/wp\/v2\/posts"}],"about":[{"href":"https:\/\/mezcalent.com\/news\/wp-json\/wp\/v2\/types\/post"}],"author":[{"embeddable":true,"href":"https:\/\/mezcalent.com\/news\/wp-json\/wp\/v2\/users\/3"}],"replies":[{"embeddable":true,"href":"https:\/\/mezcalent.com\/news\/wp-json\/wp\/v2\/comments?post=10937"}],"version-history":[{"count":1,"href":"https:\/\/mezcalent.com\/news\/wp-json\/wp\/v2\/posts\/10937\/revisions"}],"predecessor-version":[{"id":10940,"href":"https:\/\/mezcalent.com\/news\/wp-json\/wp\/v2\/posts\/10937\/revisions\/10940"}],"wp:featuredmedia":[{"embeddable":true,"href":"https:\/\/mezcalent.com\/news\/wp-json\/wp\/v2\/media\/10939"}],"wp:attachment":[{"href":"https:\/\/mezcalent.com\/news\/wp-json\/wp\/v2\/media?parent=10937"}],"wp:term":[{"taxonomy":"category","embeddable":true,"href":"https:\/\/mezcalent.com\/news\/wp-json\/wp\/v2\/categories?post=10937"},{"taxonomy":"post_tag","embeddable":true,"href":"https:\/\/mezcalent.com\/news\/wp-json\/wp\/v2\/tags?post=10937"}],"curies":[{"name":"wp","href":"https:\/\/api.w.org\/{rel}","templated":true}]}}