{"id":11493,"date":"2024-02-29T09:37:12","date_gmt":"2024-02-29T15:37:12","guid":{"rendered":"https:\/\/mezcalent.com\/news\/?p=11493"},"modified":"2024-02-29T09:39:09","modified_gmt":"2024-02-29T15:39:09","slug":"gloria-trevi-ayuda-a-damnificados-de-chile","status":"publish","type":"post","link":"https:\/\/mezcalent.com\/news\/gloria-trevi-ayuda-a-damnificados-de-chile-11493.html","title":{"rendered":"Gloria Trevi ayuda a damnificados de Chile"},"content":{"rendered":"\n<p>29 FEB (MEX) .- Gloria Trevi est\u00e1 consciente de que, a pesar de estar celebrando uno de los festivales musicales m\u00e1s importantes del mundo, los habitantes de Chile atraviesan por momentos muy dif\u00edciles luego de los recientes incendios que azotaron al pa\u00eds, por eso, decidi\u00f3 poner su granito de arena.<\/p>\n\n\n\n<p>A trav\u00e9s de su cuenta de Instagram, la cantante public\u00f3 un video en el que proporcion\u00f3 datos de bancos y asociaciones para pedirle a sus fans que la ayuden con la recaudaci\u00f3n de fondos para las miles de personas que resultaron afectadas.<\/p>\n\n\n\n<p>\u00abLos chilenos todav\u00eda necesitan de nuestra ayuda, ahora m\u00e1s que nunca. Tienen que reconstruir sus casas, necesitan un techo para protegerse de la lluvia, del fr\u00edo o tambi\u00e9n del calor, un colch\u00f3n en donde dormir, un lugar para cocinar. En resumen, necesitan un hogar para poder reconstruir sus vidas porque no tienen nada\u00bb, dice Gloria en el corto.<\/p>\n\n\n\n<p>Por \u00faltimo, la int\u00e9rprete de \u00abDoctor Psiquiatra\u00bb aplaudi\u00f3 la iniciativa de Alejandro Sanz de visitar a varias familias damnificadas por los incendios previo a su presentaci\u00f3n en Vi\u00f1a del Mar y confes\u00f3 que fue esto lo que la motivo a apoyar la causa.<\/p>\n\n\n\n<p>Fiera Lasa\/Mezcalent.com&nbsp;<\/p>\n\n\n\n<p>&lt;i&gt;Prohibida su reproducci\u00f3n parcial o total. La copia o distribuci\u00f3n no autorizada de este art\u00edculo y su correspondiente imagen infringe los derechos de autor.&lt;\/i&gt;<\/p>\n","protected":false},"excerpt":{"rendered":"<p>29 FEB (MEX) .- Gloria Trevi est\u00e1 consciente de que, a pesar de estar celebrando uno de los festivales musicales m\u00e1s importantes del mundo, los habitantes de Chile atraviesan por momentos muy dif\u00edciles luego de los recientes incendios que azotaron al pa\u00eds, por eso, decidi\u00f3 poner su granito de arena.<\/p>\n","protected":false},"author":3,"featured_media":11499,"comment_status":"closed","ping_status":"closed","sticky":false,"template":"","format":"standard","meta":{"_seopress_robots_primary_cat":"none"},"categories":[1],"tags":[103],"acf":[],"_links":{"self":[{"href":"https:\/\/mezcalent.com\/news\/wp-json\/wp\/v2\/posts\/11493"}],"collection":[{"href":"https:\/\/mezcalent.com\/news\/wp-json\/wp\/v2\/posts"}],"about":[{"href":"https:\/\/mezcalent.com\/news\/wp-json\/wp\/v2\/types\/post"}],"author":[{"embeddable":true,"href":"https:\/\/mezcalent.com\/news\/wp-json\/wp\/v2\/users\/3"}],"replies":[{"embeddable":true,"href":"https:\/\/mezcalent.com\/news\/wp-json\/wp\/v2\/comments?post=11493"}],"version-history":[{"count":1,"href":"https:\/\/mezcalent.com\/news\/wp-json\/wp\/v2\/posts\/11493\/revisions"}],"predecessor-version":[{"id":11495,"href":"https:\/\/mezcalent.com\/news\/wp-json\/wp\/v2\/posts\/11493\/revisions\/11495"}],"wp:featuredmedia":[{"embeddable":true,"href":"https:\/\/mezcalent.com\/news\/wp-json\/wp\/v2\/media\/11499"}],"wp:attachment":[{"href":"https:\/\/mezcalent.com\/news\/wp-json\/wp\/v2\/media?parent=11493"}],"wp:term":[{"taxonomy":"category","embeddable":true,"href":"https:\/\/mezcalent.com\/news\/wp-json\/wp\/v2\/categories?post=11493"},{"taxonomy":"post_tag","embeddable":true,"href":"https:\/\/mezcalent.com\/news\/wp-json\/wp\/v2\/tags?post=11493"}],"curies":[{"name":"wp","href":"https:\/\/api.w.org\/{rel}","templated":true}]}}