{"id":11505,"date":"2024-03-01T08:05:45","date_gmt":"2024-03-01T14:05:45","guid":{"rendered":"https:\/\/mezcalent.com\/news\/?p=11505"},"modified":"2024-03-01T08:16:07","modified_gmt":"2024-03-01T14:16:07","slug":"video-michelle-renaud-quiere-su-parto-en-casa-con-matias-y-marcelo-a-su-lado","status":"publish","type":"post","link":"https:\/\/mezcalent.com\/news\/video-michelle-renaud-quiere-su-parto-en-casa-con-matias-y-marcelo-a-su-lado-11505.html","title":{"rendered":"VIDEO: Michelle Renaud quiere su parto en casa con Mat\u00edas y Marcelo a su lado"},"content":{"rendered":"\n<p>01 MAR (MEX).- Michelle Renaud explica que desea que su parto sea en su casa acompa\u00f1ada s\u00f3lo de su esposo Mat\u00edas Novoa y su hijo Marcelo, pues quiere pasar un par de semanas despu\u00e9s del nacimiento de su hijo Milo sin recibir visitas para poder disfrutar a su familia, decisi\u00f3n que el actor chileno apoya totalmente.<\/p>\n\n\n\n<p>\u00abMi parto (lo quiero) en casa con Mat\u00ed, con Marcelo, nada m\u00e1s nosotros tres, d\u00e1ndole la bienvenida a este bebecito, que nadie lo conozca hasta dentro de 15 d\u00edas, que estemos nosotros, que sea nuestro momento y que lo explotemos al m\u00e1ximo\u00bb.<\/p>\n\n\n\n<p>\u00abPues s\u00ed, lo que ella decida,\u00a0 yo la apoyo, nada m\u00e1s espero no desmayarme. No se si me lo imagino, pero va a ser maravilloso, no estoy preparado, tengo que tomar unos cursos de relajaci\u00f3n, porque yo creo que los hombres somos los m\u00e1s hist\u00e9ricos, m\u00e1s que las mujeres\u00bb, completa Mat\u00edas Novoa.<\/p>\n\n\n\n<p><\/p>\n\n\n\n <div id=\"Player_Playoncontent\"><iframe id=\"3720263_1709302123145\" title=\"VIDEO: Michelle Renaud quiere su parto en casa con Mat\u00edas y Marcelo a su lado\" width=\"600\" height=\"338\"  allow=\"autoplay; fullscreen\"><\/iframe><script type=\"text\/javascript\" src=\"\/\/widget.playoncenter.com\/newplayer\/ifriendly\/embed.min.js\"><\/script><script type=\"application\/javascript\">(function(){IFRIENDLY_DATA.init({\"idFrm\":\"3720263_1709302123145\",\"type\":\"video\",\"affId\":\"12956\",\"filter\":\"3720263\",\"width\":600,\"height\":338,\"twitter\":\"\",\"volume\":100,\"autoplay\":0,\"hasVideoRelated\":0,\"share_rrss\":1,\"max\":50,\"limit\":25,\"domain\":\"\/\/widget.playoncenter.com\/\",\"viewFriendly\":1,\"lazyload\":0});})()<\/script><\/div>\n\n\n\n<p><\/p>\n\n\n\n<p>La actriz asegura que ahora ha logrado ver el lado positivo de la p\u00e9rdida del primer beb\u00e9 que iba a tener al lado de Mat\u00edas, ya que est\u00e1 esperando a su beb\u00e9 arco\u00edris, qui\u00e9n ha llenado de brillo sus vidas.<\/p>\n\n\n\n<p>\u00abNo es tan raro como parece, es de los m\u00e1s normal y com\u00fan perder beb\u00e9s, cosa que yo no sab\u00eda, mi ginec\u00f3loga me dijo &#8216;pasa todo el tiempo&#8217;, entonces creo que s\u00ed da mucha tranquilidad saber que no eres la \u00fanica.<\/p>\n\n\n\n<p>\u00abAlgo que tambi\u00e9n a m\u00ed me dio como mucho, es como de &#8216;ya estuve embarazada, quiere decir que tenemos todo para embarazarnos&#8217;, de hecho le dije a Mati &#8216;seguimos intentando&#8217; y fui con la ginec\u00f3loga (para saber) cu\u00e1nto tiempo tenemos que esperar y fue &#8216;nada&#8217;, \u00a1perfecto!.<\/p>\n\n\n\n<p>\u00abSiento que en la vida hay que quitarle los juicios a las cosas que vivimos, tanto las buenas como las malas y solamente agradecer lo que estamos viviendo porque de todo puedes sacar algo bueno o algo malo.<\/p>\n\n\n\n<p>\u00abLa p\u00e9rdida de este beb\u00e9 fue algo s\u00faper afortunado ahora, ya que estamos esperando este beb\u00e9 arco\u00edris, porque tenemos un beb\u00e9 arco\u00edris y porque aprendimos mucho y estamos haciendo las cosas diferentes\u00bb.<\/p>\n\n\n\n<p>Michelle acompa\u00f1a a su esposo durante la presentaci\u00f3n de la telenovela \u00abMarea de Pasiones\u00bb, donde platica que su primog\u00e9nito est\u00e1 feliz por la llegada de su hermano Milo.<\/p>\n\n\n\n<p>\u00abMarcelo me dice el otro d\u00eda &#8216;Mami, Milo patea tanto, que imag\u00ednate que un d\u00eda est\u00e1s parada y patea tan fuerte que empiezas a rodar y mete un gol contigo en la porter\u00eda&#8217; y yo \u00a1\u00f3rale, qu\u00e9 imaginaci\u00f3n!.<\/p>\n\n\n\n<p>\u00abMarcelo est\u00e1 s\u00faper feliz, siempre le digo que ya viene su compa\u00f1erito a jugar f\u00fatbol con \u00e9l y muy padre, porque los celos naturales de los hermanos, que supongo viviremos ya que nazca Milo, los vemos como algo normal, no es de &#8216;ay pobre ni\u00f1o, qu\u00e9 le hacemos&#8217;.<\/p>\n\n\n\n<p>\u00a0\u00abAl final del d\u00eda ahorita yo a Marcelo le tengo que dar demasiada atenci\u00f3n para que sepa que no importa cu\u00e1ntos beb\u00e9s vengan, \u00e9l tambi\u00e9n sigue siendo el amor de mi vida y nadie viene a cambiar a nadie\u00bb.<\/p>\n\n\n\n<p><\/p>\n\n\n\n<p>Erika Uribe y Lalo Carrasco\/MezcalTV<\/p>\n\n\n\n<p>Prohibida su reproducci\u00f3n parcial o total. La copia o distribuci\u00f3n no autorizada de este art\u00edculo y su correspondiente imagen infringe los derechos de autor.<\/p>\n","protected":false},"excerpt":{"rendered":"<p>01 MAR (MEX).- Michelle Renaud explica que desea que su parto sea en su casa acompa\u00f1ada s\u00f3lo de su esposo Mat\u00edas Novoa y su hijo Marcelo, pues quiere pasar un par de semanas despu\u00e9s del nacimiento de su hijo Milo sin recibir visitas para poder disfrutar a su familia, decisi\u00f3n que el actor chileno apoya totalmente.<\/p>\n","protected":false},"author":4,"featured_media":11509,"comment_status":"closed","ping_status":"closed","sticky":false,"template":"","format":"standard","meta":{"_seopress_robots_primary_cat":"none"},"categories":[1],"tags":[113,649,445,45,1655,310,342],"acf":[],"_links":{"self":[{"href":"https:\/\/mezcalent.com\/news\/wp-json\/wp\/v2\/posts\/11505"}],"collection":[{"href":"https:\/\/mezcalent.com\/news\/wp-json\/wp\/v2\/posts"}],"about":[{"href":"https:\/\/mezcalent.com\/news\/wp-json\/wp\/v2\/types\/post"}],"author":[{"embeddable":true,"href":"https:\/\/mezcalent.com\/news\/wp-json\/wp\/v2\/users\/4"}],"replies":[{"embeddable":true,"href":"https:\/\/mezcalent.com\/news\/wp-json\/wp\/v2\/comments?post=11505"}],"version-history":[{"count":2,"href":"https:\/\/mezcalent.com\/news\/wp-json\/wp\/v2\/posts\/11505\/revisions"}],"predecessor-version":[{"id":11512,"href":"https:\/\/mezcalent.com\/news\/wp-json\/wp\/v2\/posts\/11505\/revisions\/11512"}],"wp:featuredmedia":[{"embeddable":true,"href":"https:\/\/mezcalent.com\/news\/wp-json\/wp\/v2\/media\/11509"}],"wp:attachment":[{"href":"https:\/\/mezcalent.com\/news\/wp-json\/wp\/v2\/media?parent=11505"}],"wp:term":[{"taxonomy":"category","embeddable":true,"href":"https:\/\/mezcalent.com\/news\/wp-json\/wp\/v2\/categories?post=11505"},{"taxonomy":"post_tag","embeddable":true,"href":"https:\/\/mezcalent.com\/news\/wp-json\/wp\/v2\/tags?post=11505"}],"curies":[{"name":"wp","href":"https:\/\/api.w.org\/{rel}","templated":true}]}}