{"id":11627,"date":"2024-03-12T09:36:03","date_gmt":"2024-03-12T15:36:03","guid":{"rendered":"https:\/\/mezcalent.com\/news\/?p=11627"},"modified":"2024-03-12T12:04:23","modified_gmt":"2024-03-12T18:04:23","slug":"karyme-lozano-entablara-demanda-contra-cristian-de-la-fuente","status":"publish","type":"post","link":"https:\/\/mezcalent.com\/news\/karyme-lozano-entablara-demanda-contra-cristian-de-la-fuente-11627.html","title":{"rendered":"Karyme Lozano entablar\u00e1 demanda contra Cristian de la Fuente"},"content":{"rendered":"\n<p>12 MAR (MEX) .- A m\u00e1s de un a\u00f1o de haber se\u00f1alado a Cristian de la Fuente por recibir ataques psicol\u00f3gicos de su parte mientras trabajaban en la telenovela \u00abQuiero Amarte\u00bb, Karyme Lozano revela que podr\u00eda entablar acciones legales en su contra.<\/p>\n\n\n\n<p>En un breve encuentro con la prensa tras asistir a la entrega de los Premios Forjadores de M\u00e9xico, la actriz dio a conocer que ya comenz\u00f3 a asesorarse con un abogado con el prop\u00f3sito de que los cargos hacia el chileno sean los correctos.<\/p>\n\n\n\n<p>\u00abEstoy en este proceso de informarme, aprendiendo y recopilando todos los datos para que se me permita validar mi caso.&nbsp;Entiendo a las mujeres que no se atreven a denunciar porque no es nada f\u00e1cil, pero si puedo ayudar a alguien cont\u00e1ndoles mi experiencia, qu\u00e9 maravilla\u00bb, dijo Karyme.&nbsp;<\/p>\n\n\n\n<p>Asimismo, la actriz desminti\u00f3 las recientes declaraciones de Cristian, quien aseguraba que ella no hab\u00eda querido grabar ciertas escenas candentes por motivos religiosos, y se encarg\u00f3 de destacar que lo m\u00e1s importante para ella es su profesionalismo.<\/p>\n\n\n\n<p>Fiera Lasa\/Mezcalent.com&nbsp;<\/p>\n\n\n\n<p>&lt;i&gt;Prohibida su reproducci\u00f3n parcial o total. La copia o distribuci\u00f3n no autorizada de este art\u00edculo y su correspondiente imagen infringe los derechos de autor.&lt;\/i&gt;<\/p>\n","protected":false},"excerpt":{"rendered":"<p>12 MAR (MEX) .- A m\u00e1s de un a\u00f1o de haber se\u00f1alado a Cristian de la Fuente por recibir ataques psicol\u00f3gicos de su parte mientras trabajaban en la telenovela &quot;Quiero Amarte&quot;, Karyme Lozano revela que podr\u00eda entablar acciones legales en su contra.<\/p>\n","protected":false},"author":3,"featured_media":11629,"comment_status":"closed","ping_status":"closed","sticky":false,"template":"","format":"standard","meta":{"_seopress_robots_primary_cat":"none"},"categories":[1],"tags":[1400,1495],"acf":[],"_links":{"self":[{"href":"https:\/\/mezcalent.com\/news\/wp-json\/wp\/v2\/posts\/11627"}],"collection":[{"href":"https:\/\/mezcalent.com\/news\/wp-json\/wp\/v2\/posts"}],"about":[{"href":"https:\/\/mezcalent.com\/news\/wp-json\/wp\/v2\/types\/post"}],"author":[{"embeddable":true,"href":"https:\/\/mezcalent.com\/news\/wp-json\/wp\/v2\/users\/3"}],"replies":[{"embeddable":true,"href":"https:\/\/mezcalent.com\/news\/wp-json\/wp\/v2\/comments?post=11627"}],"version-history":[{"count":2,"href":"https:\/\/mezcalent.com\/news\/wp-json\/wp\/v2\/posts\/11627\/revisions"}],"predecessor-version":[{"id":11635,"href":"https:\/\/mezcalent.com\/news\/wp-json\/wp\/v2\/posts\/11627\/revisions\/11635"}],"wp:featuredmedia":[{"embeddable":true,"href":"https:\/\/mezcalent.com\/news\/wp-json\/wp\/v2\/media\/11629"}],"wp:attachment":[{"href":"https:\/\/mezcalent.com\/news\/wp-json\/wp\/v2\/media?parent=11627"}],"wp:term":[{"taxonomy":"category","embeddable":true,"href":"https:\/\/mezcalent.com\/news\/wp-json\/wp\/v2\/categories?post=11627"},{"taxonomy":"post_tag","embeddable":true,"href":"https:\/\/mezcalent.com\/news\/wp-json\/wp\/v2\/tags?post=11627"}],"curies":[{"name":"wp","href":"https:\/\/api.w.org\/{rel}","templated":true}]}}