{"id":12181,"date":"2024-04-30T09:46:38","date_gmt":"2024-04-30T15:46:38","guid":{"rendered":"https:\/\/mezcalent.com\/news\/?p=12181"},"modified":"2024-04-30T09:46:39","modified_gmt":"2024-04-30T15:46:39","slug":"gloria-trevi-celebra-ley-contra-la-trata-de-personas","status":"publish","type":"post","link":"https:\/\/mezcalent.com\/news\/gloria-trevi-celebra-ley-contra-la-trata-de-personas-12181.html","title":{"rendered":"Gloria Trevi celebra ley contra la trata de personas"},"content":{"rendered":"\n<p>30 ABR (MEX) .- El fin de semana se dio un hecho hist\u00f3rico para la justicia mexicana con la aprobaci\u00f3n de una ley que castiga severamente a aquellos que practiquen el tr\u00e1fico de personas con fines sexuales y Gloria Trevi festeja esta decisi\u00f3n.<\/p>\n\n\n\n<p>A trav\u00e9s de su cuenta de Twitter, la cantante comparti\u00f3 un extenso mensaje con el cual asegur\u00f3 que, gracias a esta iniciativa, se va a poder salvaguardar la vida de mujeres de todo el pa\u00eds y record\u00f3 cuando ella pas\u00f3 por esto en el clan Trevi-Andrade.<\/p>\n\n\n\n<p>\u00abEs un d\u00eda muy especial y de mucha alegr\u00eda para m\u00ed, porque hoy mi M\u00e9xico cuenta con m\u00e1s y mejores leyes para combatir la trata de personas y proteger a las v\u00edctimas de este terrible delito que afecta sobre todo a mujeres y menores de edad. Yo viv\u00ed en carne propia muchos de los delitos penales que ahora se sancionan. De haber existido una ley as\u00ed hace a\u00f1os, seguramente mi vida y la de millones de mujeres s\u00ed hubiera sido otra\u00bb, escribi\u00f3 Gloria.<\/p>\n\n\n\n<p>Para finalizar, la int\u00e9rprete de \u00abDoctor Psiquiatra\u00bb aplaudi\u00f3 la valent\u00eda de las mujeres que denunciaron haber sido v\u00edctimas de trata, pues gracias a ellas fue que se lleg\u00f3 a la conclusi\u00f3n de la promulgaci\u00f3n de esta nueva ley.<\/p>\n\n\n\n<p>Fiera Lasa\/Mezcalent.com&nbsp;<\/p>\n\n\n\n<p>&lt;i&gt;Prohibida su reproducci\u00f3n parcial o total. La copia o distribuci\u00f3n no autorizada de este art\u00edculo y su correspondiente imagen infringe los derechos de autor.&lt;\/i&gt;<\/p>\n","protected":false},"excerpt":{"rendered":"<p>30 ABR (MEX) .- El fin de semana se dio un hecho hist\u00f3rico para la justicia mexicana con la aprobaci\u00f3n de una ley que castiga severamente a aquellos que practiquen el tr\u00e1fico de personas con fines sexuales y Gloria Trevi festeja esta decisi\u00f3n.<\/p>\n","protected":false},"author":3,"featured_media":12183,"comment_status":"closed","ping_status":"closed","sticky":false,"template":"","format":"standard","meta":{"_seopress_robots_primary_cat":"none"},"categories":[1],"tags":[103],"acf":[],"_links":{"self":[{"href":"https:\/\/mezcalent.com\/news\/wp-json\/wp\/v2\/posts\/12181"}],"collection":[{"href":"https:\/\/mezcalent.com\/news\/wp-json\/wp\/v2\/posts"}],"about":[{"href":"https:\/\/mezcalent.com\/news\/wp-json\/wp\/v2\/types\/post"}],"author":[{"embeddable":true,"href":"https:\/\/mezcalent.com\/news\/wp-json\/wp\/v2\/users\/3"}],"replies":[{"embeddable":true,"href":"https:\/\/mezcalent.com\/news\/wp-json\/wp\/v2\/comments?post=12181"}],"version-history":[{"count":1,"href":"https:\/\/mezcalent.com\/news\/wp-json\/wp\/v2\/posts\/12181\/revisions"}],"predecessor-version":[{"id":12184,"href":"https:\/\/mezcalent.com\/news\/wp-json\/wp\/v2\/posts\/12181\/revisions\/12184"}],"wp:featuredmedia":[{"embeddable":true,"href":"https:\/\/mezcalent.com\/news\/wp-json\/wp\/v2\/media\/12183"}],"wp:attachment":[{"href":"https:\/\/mezcalent.com\/news\/wp-json\/wp\/v2\/media?parent=12181"}],"wp:term":[{"taxonomy":"category","embeddable":true,"href":"https:\/\/mezcalent.com\/news\/wp-json\/wp\/v2\/categories?post=12181"},{"taxonomy":"post_tag","embeddable":true,"href":"https:\/\/mezcalent.com\/news\/wp-json\/wp\/v2\/tags?post=12181"}],"curies":[{"name":"wp","href":"https:\/\/api.w.org\/{rel}","templated":true}]}}