{"id":13050,"date":"2024-07-16T07:12:05","date_gmt":"2024-07-16T13:12:05","guid":{"rendered":"https:\/\/mezcalent.com\/news\/?p=13050"},"modified":"2024-07-16T09:16:58","modified_gmt":"2024-07-16T15:16:58","slug":"video-karyme-lozano-ya-supero-el-bullying-de-cristian-de-la-fuente","status":"publish","type":"post","link":"https:\/\/mezcalent.com\/news\/video-karyme-lozano-ya-supero-el-bullying-de-cristian-de-la-fuente-13050.html","title":{"rendered":"VIDEO: Karyme Lozano ya super\u00f3 el bullying de Cristi\u00e1n de la Fuente"},"content":{"rendered":"\n<p>16 JUL (MEX) .- Karyme Lozano explica c\u00f3mo fue que super\u00f3 el bullying que afirma sufri\u00f3 de parte de Cristi\u00e1n de la Fuente cuando protagonizaron la telenovela \u00abQuiero Amarte\u00bb (2013) y que la hab\u00eda hecho alejarse del medio por un tiempo.<\/p>\n\n\n\n<p>\u00abLa terapia ayuda much\u00edsimo. Mi relaci\u00f3n con Dios, la oraci\u00f3n me ayuda much\u00edsimo, el cuidarme, el escucharme, valorarme de verdad, el apapacharme, consentirme, el hacer lo que amo, lo que me apasiona.<\/p>\n\n\n\n<p>\u00abEl respetar a la gente para que tambi\u00e9n me respeten, el ser ya m\u00e1s fuerte, m\u00e1s clara, de decir &#8216;\u00a1nadie me vuelve a faltar al respeto!'\u00bb.<\/p>\n\n\n\n<p>Aunque la actriz planeaba proceder legalmente contra el actor chileno por el maltrato psicol\u00f3gico que recibi\u00f3, indica que a\u00fan no lo ha hecho porque prefiere mantener su atenci\u00f3n en las cosas positivas que se le est\u00e1n presentando.<\/p>\n\n\n\n<p>\u00abAhorita estoy muy enfocada a mi carrera, a mis hijos, a mi familia. Hay momentos en los cuales uno no quiere perder su tiempo en cosas negativas\u00bb.<\/p>\n\n\n\n<p><\/p>\n\n\n\n<div id=\"Player_Playoncontent\"><iframe id=\"3737789_1721142939566\" title=\"VIDEO: Karyme Lozano ya super\u00f3 el bullying de Cristi\u00e1n de la Fuente\" width=\"600\" height=\"338\"  allow=\"autoplay; fullscreen\"><\/iframe><script type=\"text\/javascript\" src=\"\/\/widget.playoncenter.com\/newplayer\/ifriendly\/embed.min.js\"><\/script><script type=\"application\/javascript\">(function(){IFRIENDLY_DATA.init({\"idFrm\":\"3737789_1721142939566\",\"type\":\"video\",\"affId\":\"12956\",\"filter\":\"3737789\",\"width\":600,\"height\":338,\"twitter\":\"\",\"volume\":100,\"autoplay\":0,\"hasVideoRelated\":0,\"share_rrss\":1,\"max\":50,\"limit\":25,\"domain\":\"\/\/widget.playoncenter.com\/\",\"viewFriendly\":1,\"lazyload\":0});})()<\/script><\/div>\n\n\n\n<p><\/p>\n\n\n\n<p>La mexicana forma parte del elenco de \u00abMi Amor Sin Tiempo\u00bb (TelevisaUnivision), pr\u00f3ximamente en M\u00e9xico y en Estados Unidos, la nueva versi\u00f3n de la telenovela \u00abTres Mujeres\u00bb, que ella misma protagoniz\u00f3 en 1999, s\u00f3lo que en esta ocasi\u00f3n interpreta a una mujer madura violentada por su esposo (Roberto Mateos).<\/p>\n\n\n\n<p>\u00abNo ha sido f\u00e1cil. Ayer hice unas escenas muy fuertes, hoy estoy muy cansada f\u00edsicamente, mentalemente y emocionalmente. Escenas muy duras y hubo gente del foro que se tuvo que voltear y no porque se vea nada, est\u00e1 muy cuidado todo, muy sutil, pero por lo que pasa tan violento y tan fuerte, hubo gente que quer\u00eda llorar y se tuvieron que voltear, no pudieron ver c\u00f3mo se grababan las escenas, porque s\u00ed son escenas muy duras.<\/p>\n\n\n\n<p>\u00abHab\u00eda como un colch\u00f3n en el piso para cuando \u00e9l me tira, y \u00e9l no me tira, sino que soy yo sola porque es como una coreograf\u00eda pero a\u00fan as\u00ed yo tra\u00eda tacones, entonces como que yo solita me tiro; la espalda s\u00ed me duele, pero son cosas que pasan y estoy bien, nada m\u00e1s me tom\u00e9 unas pastillas y ah\u00ed vamos\u00bb.<\/p>\n\n\n\n<p>Karyme no est\u00e1 interesada en recurrir al b\u00f3tox para lucir m\u00e1s joven, pues no quiere comprometer su trabajo como actriz por la falta de expresi\u00f3n en su rostro.<\/p>\n\n\n\n<p>\u00abPor hoy no (me pondr\u00eda b\u00f3tox) porque justo ayer, por ejemplo, en las escenas tengo que hacer muchas expresiones, entonces yo escojo no hacerlo para poder expresar bien lo que me toca; pero \u00a1cada quien tiene sus gustos!\u00bb.<\/p>\n\n\n\n<p>Erika Uribe y Lalo Carrasco\/MezcalTV<\/p>\n\n\n\n<p>Prohibida su reproducci\u00f3n parcial o total. La copia o distribuci\u00f3n no autorizada de este art\u00edculo y su correspondiente imagen infringe los derechos de autor.<\/p>\n","protected":false},"excerpt":{"rendered":"<p>16 JUL (MEX) .- Karyme Lozano explica c\u00f3mo fue que super\u00f3 el bullying que afirma sufri\u00f3 de parte de Cristi\u00e1n de la Fuente cuando protagonizaron la telenovela &quot;Quiero Amarte&quot; (2013) y que la hab\u00eda hecho alejarse del medio por un tiempo.<\/p>\n","protected":false},"author":3,"featured_media":13052,"comment_status":"closed","ping_status":"closed","sticky":false,"template":"","format":"standard","meta":{"_seopress_robots_primary_cat":"none"},"categories":[1],"tags":[761,1495],"acf":[],"_links":{"self":[{"href":"https:\/\/mezcalent.com\/news\/wp-json\/wp\/v2\/posts\/13050"}],"collection":[{"href":"https:\/\/mezcalent.com\/news\/wp-json\/wp\/v2\/posts"}],"about":[{"href":"https:\/\/mezcalent.com\/news\/wp-json\/wp\/v2\/types\/post"}],"author":[{"embeddable":true,"href":"https:\/\/mezcalent.com\/news\/wp-json\/wp\/v2\/users\/3"}],"replies":[{"embeddable":true,"href":"https:\/\/mezcalent.com\/news\/wp-json\/wp\/v2\/comments?post=13050"}],"version-history":[{"count":2,"href":"https:\/\/mezcalent.com\/news\/wp-json\/wp\/v2\/posts\/13050\/revisions"}],"predecessor-version":[{"id":13054,"href":"https:\/\/mezcalent.com\/news\/wp-json\/wp\/v2\/posts\/13050\/revisions\/13054"}],"wp:featuredmedia":[{"embeddable":true,"href":"https:\/\/mezcalent.com\/news\/wp-json\/wp\/v2\/media\/13052"}],"wp:attachment":[{"href":"https:\/\/mezcalent.com\/news\/wp-json\/wp\/v2\/media?parent=13050"}],"wp:term":[{"taxonomy":"category","embeddable":true,"href":"https:\/\/mezcalent.com\/news\/wp-json\/wp\/v2\/categories?post=13050"},{"taxonomy":"post_tag","embeddable":true,"href":"https:\/\/mezcalent.com\/news\/wp-json\/wp\/v2\/tags?post=13050"}],"curies":[{"name":"wp","href":"https:\/\/api.w.org\/{rel}","templated":true}]}}