{"id":13142,"date":"2024-07-25T07:55:52","date_gmt":"2024-07-25T13:55:52","guid":{"rendered":"https:\/\/mezcalent.com\/news\/?p=13142"},"modified":"2024-07-25T08:35:01","modified_gmt":"2024-07-25T14:35:01","slug":"video-el-nino-prodigio-quiere-aprender-a-callarse-la-boca","status":"publish","type":"post","link":"https:\/\/mezcalent.com\/news\/video-el-nino-prodigio-quiere-aprender-a-callarse-la-boca-13142.html","title":{"rendered":"VIDEO: El Ni\u00f1o Prodigio quiere aprender a callarse la boca"},"content":{"rendered":"\n<p>25 JUL (MIA) .- A d\u00edas de la gran final de \u00abTop Chef VIP\u00bb (Telemundo), el pr\u00f3ximo lunes 29 de julio por Estados Unidos, \u00abel Ni\u00f1o Prodigio\u00bb confiesa que tras los pleitos que ha vivido en el reality se ha dado cuenta que tiene que aprender a callar, y sorprende asegurando que quiere a Gary Centeno (el concursante con quien se pele\u00f3) e incluso lo ha invitado a New York.<\/p>\n\n\n\n<p>&nbsp;\u00bfQu\u00e9 has aprendido en esta competencia?<br>Creo que por experiencia, aunque como yo digo, los pleitos que tuve fueron por estupideces, como por or\u00e9gano, por c\u00farcuma, por ajo&#8230; Pero en realidad mantenerme tal vez mi boca callada.&nbsp;<\/p>\n\n\n\n<p>\u00abTengo que aprender porque hay veces que hay personas que no le gusta escuchar la verdad, pero acu\u00e9rdate que yo trabajo lo espiritual entonces yo mi misi\u00f3n, es que si yo siento o veo algo, tengo que decirlo porque sino el karma se me queda a m\u00ed\u00bb.<\/p>\n\n\n\n<p><\/p>\n\n\n\n<div id=\"Player_Playoncontent\"><iframe id=\"3738614_1721918051875\" title=\"VIDEO: El Ni\u00f1o Prodigio quiere aprender a callarse la boca\" width=\"600\" height=\"338\"  allow=\"autoplay; fullscreen\"><\/iframe><script type=\"text\/javascript\" src=\"\/\/widget.playoncenter.com\/newplayer\/ifriendly\/embed.min.js\"><\/script><script type=\"application\/javascript\">(function(){IFRIENDLY_DATA.init({\"idFrm\":\"3738614_1721918051875\",\"type\":\"video\",\"affId\":\"12956\",\"filter\":\"3738614\",\"width\":600,\"height\":338,\"twitter\":\"\",\"volume\":100,\"autoplay\":0,\"hasVideoRelated\":0,\"share_rrss\":1,\"max\":50,\"limit\":25,\"domain\":\"\/\/widget.playoncenter.com\/\",\"viewFriendly\":1,\"lazyload\":0});})()<\/script><\/div>\n\n\n\n<p><\/p>\n\n\n\n<p>Conocido por su frase de \u00ablet go!\u00bb (\u00a1dejar ir!), esta competencia demostr\u00f3 que no es f\u00e1cil ni siquiera para \u00e9l a pesar de considerarse un experto en espiritualidad y astrolog\u00eda.<\/p>\n\n\n\n<p>\u00abUno tiene que aprender a &#8216;let go&#8217;, pero es algo que te cuesta cuando tiene una persona encima de ti, es como un abusador, como un hombre que le da golpe a la mujer y un d\u00eda la mujer viene y saca de donde ella no tiene fuerza y tal vez se defiende. Porque yo no me voy a quedar, yo no me voy a quedar dado, \u00a1jajaja!, como decimos\u00bb.<\/p>\n\n\n\n<p>&#8211; \u00bfCrees que tu participaci\u00f3n en el reality ha perjudicado tu imagen?<br>No, pienso que lo que pas\u00f3 no me perjudic\u00f3 en nada, porque un pleito de curcuma y que yo le dije &#8216;\u00a1ay, te voy a hacer una brujer\u00eda!&#8217;. Y eso uno lo dice por decirlo. Yo en mi caso ni le voy a hacer brujer\u00eda a \u00e9l ni a nadie. Porque imag\u00ednate, yo no hago eso, pero en realidad son cosas del momento. Son cosas que se pasan.&nbsp;<\/p>\n\n\n\n<p>\u00abEs como el problema que tuvo &#8216;El Puma&#8217; con Alicia (Machado), que a m\u00ed me consta que Alicia adora y quiere a El Puma; entonces tambi\u00e9n fue un momento de confrontamiento &nbsp;de ese problema que s\u00e9 que alg\u00fan d\u00eda, cuando se vuelvan a ver, se van a abrazar y se van a querer como siempre\u00bb.<\/p>\n\n\n\n<p>&#8211; \u00bfY t\u00fa quieres a Gary?<br>Yo, claro que s\u00ed, que lo adoro. Y no tengo problema con \u00e9l, incluso lo invit\u00e9 aqu\u00ed a Nueva York para que venga con su ni\u00f1a, que me encanta, su esposa, su familia. Entonces, no, no tengo yo nada en contra de Gary, al contrario, Gary es un ser humano muy lindo que tiene su problema como lo tengo yo.<\/p>\n\n\n\n<p>Jennifer Garc\u00eda\/MezcalTV<\/p>\n\n\n\n<p>Prohibida su reproducci\u00f3n parcial o total. La copia o distribuci\u00f3n no autorizada de este art\u00edculo y su correspondiente imagen infringe los derechos de autor.<\/p>\n","protected":false},"excerpt":{"rendered":"<p>25 JUL (MIA) .- A d\u00edas de la gran final de &quot;Top Chef VIP&quot; (Telemundo), el pr\u00f3ximo lunes 29 de julio por Estados Unidos, &quot;el Ni\u00f1o Prodigio&quot; confiesa que tras los pleitos que ha vivido en el reality se ha dado cuenta que tiene que aprender a callar, y sorprende asegurando que quiere a Gary Centeno (el concursante con quien se pele\u00f3) e incluso lo ha invitado a New York.<\/p>\n","protected":false},"author":3,"featured_media":13144,"comment_status":"closed","ping_status":"closed","sticky":false,"template":"","format":"standard","meta":{"_seopress_robots_primary_cat":"none"},"categories":[1],"tags":[1011],"acf":[],"_links":{"self":[{"href":"https:\/\/mezcalent.com\/news\/wp-json\/wp\/v2\/posts\/13142"}],"collection":[{"href":"https:\/\/mezcalent.com\/news\/wp-json\/wp\/v2\/posts"}],"about":[{"href":"https:\/\/mezcalent.com\/news\/wp-json\/wp\/v2\/types\/post"}],"author":[{"embeddable":true,"href":"https:\/\/mezcalent.com\/news\/wp-json\/wp\/v2\/users\/3"}],"replies":[{"embeddable":true,"href":"https:\/\/mezcalent.com\/news\/wp-json\/wp\/v2\/comments?post=13142"}],"version-history":[{"count":2,"href":"https:\/\/mezcalent.com\/news\/wp-json\/wp\/v2\/posts\/13142\/revisions"}],"predecessor-version":[{"id":13146,"href":"https:\/\/mezcalent.com\/news\/wp-json\/wp\/v2\/posts\/13142\/revisions\/13146"}],"wp:featuredmedia":[{"embeddable":true,"href":"https:\/\/mezcalent.com\/news\/wp-json\/wp\/v2\/media\/13144"}],"wp:attachment":[{"href":"https:\/\/mezcalent.com\/news\/wp-json\/wp\/v2\/media?parent=13142"}],"wp:term":[{"taxonomy":"category","embeddable":true,"href":"https:\/\/mezcalent.com\/news\/wp-json\/wp\/v2\/categories?post=13142"},{"taxonomy":"post_tag","embeddable":true,"href":"https:\/\/mezcalent.com\/news\/wp-json\/wp\/v2\/tags?post=13142"}],"curies":[{"name":"wp","href":"https:\/\/api.w.org\/{rel}","templated":true}]}}