{"id":13501,"date":"2024-08-29T09:37:00","date_gmt":"2024-08-29T15:37:00","guid":{"rendered":"https:\/\/mezcalent.com\/news\/?p=13501"},"modified":"2024-08-29T09:49:23","modified_gmt":"2024-08-29T15:49:23","slug":"danna-revela-que-sus-caireles-en-maria-belen-eran-falsos","status":"publish","type":"post","link":"https:\/\/mezcalent.com\/news\/danna-revela-que-sus-caireles-en-maria-belen-eran-falsos-13501.html","title":{"rendered":"Danna revela que sus caireles en &#8216;Mar\u00eda Bel\u00e9n&#8217; eran falsos"},"content":{"rendered":"\n<p>29 AGO (MEX) .- Uno de los personajes m\u00e1s emblem\u00e1ticos que ha interpretado Danna es el de \u00abMar\u00eda Bel\u00e9n\u00bb, el cual se caracterizaba por tener unos rizos muy definidos; sin embargo, ahora ella confiesa que su look era totalmente ficticio.<\/p>\n\n\n\n<p>La actriz y cantante fue invitada al podcast \u00abEnvinadas\u00bb y ah\u00ed revel\u00f3 que los encargados de vestuario y peinado de la telenovela infantil decidieron que no usar\u00edan su cabello e incluso dio a conocer que tiene el famoso peinado en su casa.<\/p>\n\n\n\n<p>\u00abUsar esos caireles fue un trauma horrible. Yo uso&nbsp;extensiones desde que ten\u00eda cinco a\u00f1os, pero me chocan porque queman mucho el pelo. De hecho los caireles de&nbsp;\u00abMar\u00eda Bel\u00e9n\u00bb&nbsp;son falsos, mi mam\u00e1 los tiene guardados\u00bb, dijo Danna<\/p>\n\n\n\n<p>Fiera Lasa\/Mezcalent.com&nbsp;<\/p>\n\n\n\n<p>&lt;i&gt;Prohibida su reproducci\u00f3n parcial o total. La copia o distribuci\u00f3n no autorizada de este art\u00edculo y su correspondiente imagen infringe los derechos de autor.&lt;\/i&gt;<\/p>\n","protected":false},"excerpt":{"rendered":"<p>29 AGO (MEX) .- Uno de los personajes m\u00e1s emblem\u00e1ticos que ha interpretado Danna es el de &quot;Mar\u00eda Bel\u00e9n&quot;, el cual se caracterizaba por tener unos rizos muy definidos; sin embargo, ahora ella confiesa que su look era totalmente ficticio.<\/p>\n","protected":false},"author":3,"featured_media":13503,"comment_status":"closed","ping_status":"closed","sticky":false,"template":"","format":"standard","meta":{"_seopress_robots_primary_cat":"none"},"categories":[1],"tags":[1738],"acf":[],"_links":{"self":[{"href":"https:\/\/mezcalent.com\/news\/wp-json\/wp\/v2\/posts\/13501"}],"collection":[{"href":"https:\/\/mezcalent.com\/news\/wp-json\/wp\/v2\/posts"}],"about":[{"href":"https:\/\/mezcalent.com\/news\/wp-json\/wp\/v2\/types\/post"}],"author":[{"embeddable":true,"href":"https:\/\/mezcalent.com\/news\/wp-json\/wp\/v2\/users\/3"}],"replies":[{"embeddable":true,"href":"https:\/\/mezcalent.com\/news\/wp-json\/wp\/v2\/comments?post=13501"}],"version-history":[{"count":1,"href":"https:\/\/mezcalent.com\/news\/wp-json\/wp\/v2\/posts\/13501\/revisions"}],"predecessor-version":[{"id":13504,"href":"https:\/\/mezcalent.com\/news\/wp-json\/wp\/v2\/posts\/13501\/revisions\/13504"}],"wp:featuredmedia":[{"embeddable":true,"href":"https:\/\/mezcalent.com\/news\/wp-json\/wp\/v2\/media\/13503"}],"wp:attachment":[{"href":"https:\/\/mezcalent.com\/news\/wp-json\/wp\/v2\/media?parent=13501"}],"wp:term":[{"taxonomy":"category","embeddable":true,"href":"https:\/\/mezcalent.com\/news\/wp-json\/wp\/v2\/categories?post=13501"},{"taxonomy":"post_tag","embeddable":true,"href":"https:\/\/mezcalent.com\/news\/wp-json\/wp\/v2\/tags?post=13501"}],"curies":[{"name":"wp","href":"https:\/\/api.w.org\/{rel}","templated":true}]}}