{"id":13813,"date":"2024-10-01T08:44:00","date_gmt":"2024-10-01T14:44:00","guid":{"rendered":"https:\/\/mezcalent.com\/news\/?p=13813"},"modified":"2024-10-01T09:49:51","modified_gmt":"2024-10-01T15:49:51","slug":"hija-de-alex-fernandez-es-operada-de-una-hernia","status":"publish","type":"post","link":"https:\/\/mezcalent.com\/news\/hija-de-alex-fernandez-es-operada-de-una-hernia-13813.html","title":{"rendered":"Hija de Alex Fern\u00e1ndez es operada de una hernia\u00a0"},"content":{"rendered":"\n<p>01 OCT (MEX) .- Aunque no suele compartir mucho sobre su faceta como padre, Alex Fern\u00e1ndez ha decidido informarles a sus fan\u00e1ticos que su hija Mia fue hospitalizada por un problema que cargaba desde que naci\u00f3.<\/p>\n\n\n\n<p>A trav\u00e9s de su cuenta de Instagram, el hijo de Alejandro Fern\u00e1ndez revel\u00f3 que la nena de apenas dos a\u00f1os tuvo que ser operada de una hernia inguinal y, tras informar que la cirug\u00eda fue exitosa, decidi\u00f3 dedicarle unas emotivas palabras.&nbsp;<\/p>\n\n\n\n<p>\u00abM\u00eda, mi amor, no hay palabras suficientes para describir lo orgulloso que estoy de ti. Eres mi guerrera, mi princesa y mi motor en la vida. A pesar de lo peque\u00f1a que eres, has demostrado una valent\u00eda que me asombra y me llena de admiraci\u00f3n. Tu sonrisa y tu fuerza me inspiran cada d\u00eda m\u00e1s\u00bb, escribi\u00f3 Alex.<\/p>\n\n\n\n<p>Asimismo, el joven cantante comparti\u00f3 un video en el que se puede ver a la peque\u00f1a Mia paseando por los pasillos del hospital y cargando sus mu\u00f1ecos favoritos y cuando su mam\u00e1 le pregunta si se siente bien, ella asegura que s\u00ed.<\/p>\n\n\n\n<p>Fiera Lasa\/Mezcalent.com&nbsp;<\/p>\n\n\n\n<p>&lt;i&gt;Prohibida su reproducci\u00f3n parcial o total. La copia o distribuci\u00f3n no autorizada de este art\u00edculo y su correspondiente imagen infringe los derechos de autor.&lt;\/i&gt;<\/p>\n","protected":false},"excerpt":{"rendered":"<p>01 OCT (MEX) .- Aunque no suele compartir mucho sobre su faceta como padre, Alex Fern\u00e1ndez ha decidido informarles a sus fan\u00e1ticos que su hija Mia fue hospitalizada por un problema que cargaba desde que naci\u00f3.<\/p>\n","protected":false},"author":3,"featured_media":13815,"comment_status":"closed","ping_status":"closed","sticky":false,"template":"","format":"standard","meta":{"_seopress_robots_primary_cat":"none"},"categories":[1],"tags":[181],"acf":[],"_links":{"self":[{"href":"https:\/\/mezcalent.com\/news\/wp-json\/wp\/v2\/posts\/13813"}],"collection":[{"href":"https:\/\/mezcalent.com\/news\/wp-json\/wp\/v2\/posts"}],"about":[{"href":"https:\/\/mezcalent.com\/news\/wp-json\/wp\/v2\/types\/post"}],"author":[{"embeddable":true,"href":"https:\/\/mezcalent.com\/news\/wp-json\/wp\/v2\/users\/3"}],"replies":[{"embeddable":true,"href":"https:\/\/mezcalent.com\/news\/wp-json\/wp\/v2\/comments?post=13813"}],"version-history":[{"count":1,"href":"https:\/\/mezcalent.com\/news\/wp-json\/wp\/v2\/posts\/13813\/revisions"}],"predecessor-version":[{"id":13816,"href":"https:\/\/mezcalent.com\/news\/wp-json\/wp\/v2\/posts\/13813\/revisions\/13816"}],"wp:featuredmedia":[{"embeddable":true,"href":"https:\/\/mezcalent.com\/news\/wp-json\/wp\/v2\/media\/13815"}],"wp:attachment":[{"href":"https:\/\/mezcalent.com\/news\/wp-json\/wp\/v2\/media?parent=13813"}],"wp:term":[{"taxonomy":"category","embeddable":true,"href":"https:\/\/mezcalent.com\/news\/wp-json\/wp\/v2\/categories?post=13813"},{"taxonomy":"post_tag","embeddable":true,"href":"https:\/\/mezcalent.com\/news\/wp-json\/wp\/v2\/tags?post=13813"}],"curies":[{"name":"wp","href":"https:\/\/api.w.org\/{rel}","templated":true}]}}