{"id":14441,"date":"2024-11-22T09:05:34","date_gmt":"2024-11-22T15:05:34","guid":{"rendered":"https:\/\/mezcalent.com\/news\/?p=14441"},"modified":"2024-11-22T09:10:16","modified_gmt":"2024-11-22T15:10:16","slug":"video-karyme-lozano-se-pierde-el-nacimiento-de-su-nieta","status":"publish","type":"post","link":"https:\/\/mezcalent.com\/news\/video-karyme-lozano-se-pierde-el-nacimiento-de-su-nieta-14441.html","title":{"rendered":"VIDEO: Karyme Lozano se pierde el nacimiento de su nieta"},"content":{"rendered":"\n<p>22 NOV (MEX).- Karyme Lozano forma parte del elenco de la telenovela \u00abMe Atrevo a Amarte\u00bb (TelevisaUnivision), producci\u00f3n de Salvador Mej\u00eda que celebr\u00f3 una misa por el inicio de grabaciones, con miras a su estreno el a\u00f1o pr\u00f3ximo, y donde la actriz comparte que con \u00abmuchis\u00edsimo\u00bb dolor se perdi\u00f3 el nacimiento de su segunda nieta porque a su hija \u00c1ngela se le atras\u00f3 el parto.<\/p>\n\n\n\n<p>\u00abYa naci\u00f3 mi segunda nieta, no he podido poner nada en Instagram \u00a1ay\u00fadenme con mi Instagram, no s\u00e9 qu\u00e9 hacer! Yo creo que me hackearon\u2026<\/p>\n\n\n\n<p>\u00abEstuve diez d\u00edas all\u00e1 (en Los \u00c1ngeles) porque se supon\u00eda que iba a nacer el 8 de noviembre y yo me regres\u00e9 el 17. Cuando me subo al avi\u00f3n, \u00a1naci\u00f3!<\/p>\n\n\n\n<p>\u00abLlor\u00e9 obviamente de emoci\u00f3n y agradecimiento, pero llor\u00e9 por no haber estado en el parto. Me doli\u00f3 much\u00edsimo, ya lo trabaj\u00e9, pero s\u00ed me doli\u00f3 muchis\u00edsimo porque estuve en el parto de M\u00eda y fue impresionante, fue lo m\u00e1s hermoso que he vivido en mi vida, ver nacer un beb\u00e9, y ahora me lo perd\u00ed.<\/p>\n\n\n\n<p>\u00abGracias a Dios naci\u00f3 muy bien, fue un parto cien por ciento natural, es una guerrera, la admiro, fue en una tina y se recuper\u00f3 as\u00ed (r\u00e1pido)\u00bb.<\/p>\n\n\n\n<p><\/p>\n\n\n\n<div id=\"Player_Playoncontent\"><iframe id=\"3748354_1732288199262\" title=\"VIDEO: Karyme Lozano se pierde el nacimiento de su nieta \" width=\"600\" height=\"338\"  allow=\"autoplay; fullscreen\"><\/iframe><script type=\"text\/javascript\" src=\"\/\/widget.playoncenter.com\/newplayer\/ifriendly\/embed.min.js\"><\/script><script type=\"application\/javascript\">(function(){IFRIENDLY_DATA.init({\"idFrm\":\"3748354_1732288199262\",\"type\":\"video\",\"affId\":\"12954\",\"filter\":\"3748354\",\"width\":600,\"height\":338,\"twitter\":\"\",\"volume\":100,\"autoplay\":0,\"hasVideoRelated\":0,\"share_rrss\":1,\"max\":50,\"limit\":25,\"domain\":\"\/\/widget.playoncenter.com\/\",\"viewFriendly\":1,\"lazyload\":0});})()<\/script><\/div>\n\n\n\n<p><\/p>\n\n\n\n<p>Karyme pudo apoyar a su heredera en esos d\u00edas que se encontraba muy molesta porque no iniciaba trabajo de parto, incluso probaron con varios remedios que ayudan a provocar el nacimiento de un beb\u00e9.<\/p>\n\n\n\n<p>\u00abElla, delgadita, y su panza grande de la beb\u00e9 y como que se desesperaba un poco y yo le dec\u00eda &#8216;\u00a1no, mi amor! Ten paciencia, s\u00ed va a nacer, faltan unos d\u00edas&#8217;; entonces s\u00ed me dijo &#8216;mam\u00e1 gracias, porque me ayudaste estos d\u00edas a tener paciencia, a tranquilizarme&#8217;.<\/p>\n\n\n\n<p>\u00abLe di un masajito.<\/p>\n\n\n\n<p>\u00abUn d\u00eda nos dedicamos a hacer todo lo que ten\u00edamos que hacer para que nazca la beb\u00e9. Comi\u00f3 alitas picos\u00edsimas, yo com\u00ed con ella las alitas, le toque todos los puntos, digitopuntura para que nazca la beb\u00e9, se puso en la pelota, se meti\u00f3 a la ba\u00f1era caliente con unas sales especiales; camin\u00f3, caminamos, subimos y bajamos, hicimos de todo.<\/p>\n\n\n\n<p>\u00abEso no te lo voy a decir, pero \u00a1hasta eso hizo!\u00bb, indic\u00f3 ante la sugerencia de que hubiera tenido intimidad con su esposo para iniciar labor de parto.<\/p>\n\n\n\n<p>Karyme dice que Cristi\u00e1n de la Fuente no ha tenido ning\u00fan acercamiento con ella como dijo que lo har\u00eda en una entrevista, luego de que la actriz hiciera p\u00fablico que hab\u00eda sido v\u00edctima de bullying de parte del chileno; pero ella, ya lo perdon\u00f3.<\/p>\n\n\n\n<p>\u00abNo, ni lo har\u00e1, no ni que lo haga. Yo ya lo perdon\u00e9, est\u00e1 perdonado, el perd\u00f3n es para m\u00ed, cuando guardamos rencores y enojo, te afectas t\u00fa mismo, y por amor a m\u00ed. Eso lo aprend\u00ed en terapia, por amor a mi salud y a estar yo bien, es importante que perdonemos y no tener rencor porque solo nos afectamos nosotros\u00bb.<\/p>\n\n\n\n<p><\/p>\n\n\n\n<p>Erika Uribe y Lalo Carrasco\/MezcalTV<\/p>\n\n\n\n<p>Prohibida su reproducci\u00f3n parcial o total. La copia o distribuci\u00f3n no autorizada de este art\u00edculo y su correspondiente imagen infringe los derechos de autor.<\/p>\n","protected":false},"excerpt":{"rendered":"<p>22 NOV (MEX).- Karyme Lozano forma parte del elenco de la telenovela &quot;Me Atrevo a Amarte&quot; (TelevisaUnivision), producci\u00f3n de Salvador Mej\u00eda que celebr\u00f3 una misa por el inicio de grabaciones, con miras a su estreno el a\u00f1o pr\u00f3ximo, y donde la actriz comparte que con &quot;muchis\u00edsimo&quot; dolor se perdi\u00f3 el nacimiento de su segunda nieta porque a su hija \u00c1ngela se le atras\u00f3 el parto.<\/p>\n","protected":false},"author":4,"featured_media":14444,"comment_status":"closed","ping_status":"closed","sticky":false,"template":"","format":"standard","meta":{"_seopress_robots_primary_cat":"none"},"categories":[1],"tags":[1495,113],"acf":[],"_links":{"self":[{"href":"https:\/\/mezcalent.com\/news\/wp-json\/wp\/v2\/posts\/14441"}],"collection":[{"href":"https:\/\/mezcalent.com\/news\/wp-json\/wp\/v2\/posts"}],"about":[{"href":"https:\/\/mezcalent.com\/news\/wp-json\/wp\/v2\/types\/post"}],"author":[{"embeddable":true,"href":"https:\/\/mezcalent.com\/news\/wp-json\/wp\/v2\/users\/4"}],"replies":[{"embeddable":true,"href":"https:\/\/mezcalent.com\/news\/wp-json\/wp\/v2\/comments?post=14441"}],"version-history":[{"count":2,"href":"https:\/\/mezcalent.com\/news\/wp-json\/wp\/v2\/posts\/14441\/revisions"}],"predecessor-version":[{"id":14447,"href":"https:\/\/mezcalent.com\/news\/wp-json\/wp\/v2\/posts\/14441\/revisions\/14447"}],"wp:featuredmedia":[{"embeddable":true,"href":"https:\/\/mezcalent.com\/news\/wp-json\/wp\/v2\/media\/14444"}],"wp:attachment":[{"href":"https:\/\/mezcalent.com\/news\/wp-json\/wp\/v2\/media?parent=14441"}],"wp:term":[{"taxonomy":"category","embeddable":true,"href":"https:\/\/mezcalent.com\/news\/wp-json\/wp\/v2\/categories?post=14441"},{"taxonomy":"post_tag","embeddable":true,"href":"https:\/\/mezcalent.com\/news\/wp-json\/wp\/v2\/tags?post=14441"}],"curies":[{"name":"wp","href":"https:\/\/api.w.org\/{rel}","templated":true}]}}