{"id":15030,"date":"2025-01-16T08:49:00","date_gmt":"2025-01-16T14:49:00","guid":{"rendered":"https:\/\/mezcalent.com\/news\/?p=15030"},"modified":"2025-01-17T07:21:55","modified_gmt":"2025-01-17T13:21:55","slug":"ex-companera-escolar-de-danna-revela-los-privilegios-que-tenia","status":"publish","type":"post","link":"https:\/\/mezcalent.com\/news\/ex-companera-escolar-de-danna-revela-los-privilegios-que-tenia-15030.html","title":{"rendered":"Ex compa\u00f1era escolar de Danna revela los privilegios que ten\u00eda"},"content":{"rendered":"\n<p>16 ENE (MEX) .- En numerosas ocasiones Danna ha contado que su etapa escolar siendo una estrella infantil no fue nada f\u00e1cil, pues era cambiada de colegio constantemente y sus compa\u00f1eros le hac\u00edan bullying; sin embargo, ahora se ha dado a conocer la otra cara de la moneda.<\/p>\n\n\n\n<p>Mediante su perfil de Facebook, una joven llamada Jazm\u00edn Mej\u00eda comparti\u00f3 una foto con la que prob\u00f3 que estudi\u00f3 con la actriz cuando eran ni\u00f1as y revel\u00f3 c\u00f3mo era tratada por las autoridades escolares debido a su fama.<\/p>\n\n\n\n<p>\u00abYo iba con Danna en la primaria. No todos pod\u00edan convivir con ella tan f\u00e1cilmente, iba como cuatro veces al mes y a la hora de recreo le cerraban medio patio para que ella y su mejor amiga pudieran comer su lunch tranquilas.\u00a0Todos quer\u00edamos estar con ella, pero no se pod\u00eda\u00bb, dijo la chica.\u00a0<\/p>\n\n\n\n<p>Para finalizar, Jazm\u00edn record\u00f3 que ella siempre le mandaba cartas a la cantante y actriz en las que le preguntaba que si quer\u00eda ser su amiga, a lo que ella le respond\u00eda que s\u00ed, y tambi\u00e9n se\u00f1al\u00f3 que la artista lloraba mucho por no sentirse una ni\u00f1a normal.<\/p>\n\n\n\n<p>Fiera Lasa\/Mezcalent.com&nbsp;<\/p>\n\n\n\n<p>&lt;i&gt;Prohibida su reproducci\u00f3n parcial o total. La copia o distribuci\u00f3n no autorizada de este art\u00edculo y su correspondiente imagen infringe los derechos de autor.&lt;\/i&gt;<\/p>\n","protected":false},"excerpt":{"rendered":"<p>16 ENE (MEX) .- En numerosas ocasiones Danna ha contado que su etapa escolar siendo una estrella infantil no fue nada f\u00e1cil, pues era cambiada de colegio constantemente y sus compa\u00f1eros le hac\u00edan bullying; sin embargo, ahora se ha dado a conocer la otra cara de la moneda.<\/p>\n","protected":false},"author":3,"featured_media":15032,"comment_status":"closed","ping_status":"closed","sticky":false,"template":"","format":"standard","meta":{"_seopress_robots_primary_cat":"none"},"categories":[1],"tags":[1738],"acf":[],"_links":{"self":[{"href":"https:\/\/mezcalent.com\/news\/wp-json\/wp\/v2\/posts\/15030"}],"collection":[{"href":"https:\/\/mezcalent.com\/news\/wp-json\/wp\/v2\/posts"}],"about":[{"href":"https:\/\/mezcalent.com\/news\/wp-json\/wp\/v2\/types\/post"}],"author":[{"embeddable":true,"href":"https:\/\/mezcalent.com\/news\/wp-json\/wp\/v2\/users\/3"}],"replies":[{"embeddable":true,"href":"https:\/\/mezcalent.com\/news\/wp-json\/wp\/v2\/comments?post=15030"}],"version-history":[{"count":2,"href":"https:\/\/mezcalent.com\/news\/wp-json\/wp\/v2\/posts\/15030\/revisions"}],"predecessor-version":[{"id":15037,"href":"https:\/\/mezcalent.com\/news\/wp-json\/wp\/v2\/posts\/15030\/revisions\/15037"}],"wp:featuredmedia":[{"embeddable":true,"href":"https:\/\/mezcalent.com\/news\/wp-json\/wp\/v2\/media\/15032"}],"wp:attachment":[{"href":"https:\/\/mezcalent.com\/news\/wp-json\/wp\/v2\/media?parent=15030"}],"wp:term":[{"taxonomy":"category","embeddable":true,"href":"https:\/\/mezcalent.com\/news\/wp-json\/wp\/v2\/categories?post=15030"},{"taxonomy":"post_tag","embeddable":true,"href":"https:\/\/mezcalent.com\/news\/wp-json\/wp\/v2\/tags?post=15030"}],"curies":[{"name":"wp","href":"https:\/\/api.w.org\/{rel}","templated":true}]}}