{"id":15096,"date":"2025-01-21T19:00:00","date_gmt":"2025-01-22T01:00:00","guid":{"rendered":"https:\/\/mezcalent.com\/news\/?p=15096"},"modified":"2025-01-22T08:29:21","modified_gmt":"2025-01-22T14:29:21","slug":"imelda-tunon-responde-a-demanda-de-maribel-guardia","status":"publish","type":"post","link":"https:\/\/mezcalent.com\/news\/imelda-tunon-responde-a-demanda-de-maribel-guardia-15096.html","title":{"rendered":"Imelda Tu\u00f1\u00f3n responde a demanda de Maribel Guardia"},"content":{"rendered":"\n<p>21 ENE (MEX) .- Luego de que hace unos minutos Maribel Guardia diera a conocer mediante sus redes sociales que entablar\u00e1 una denuncia en contra de su nuera Imelda Tu\u00f1\u00f3n para salvaguardar el bienestar de su nieto Jos\u00e9 Juli\u00e1n, ahora es ella quien rompe el silencio sobre esta situaci\u00f3n.<\/p>\n\n\n\n<p>En primer lugar, la joven respondi\u00f3 en sus redes sociales al cuestionamiento de por qu\u00e9 estaba siendo demandada. \u00abPorque quiero vivir sola con mi hijo, por eso me lo quiere quitar, yo no voy a declarar nada, a ella es a la que le gusta hacer show\u00bb, se\u00f1al\u00f3.<\/p>\n\n\n\n<p>Posteriormente, la viuda de Juli\u00e1n Figueroa se reuni\u00f3 con los medios de comunicaci\u00f3n a las afueras de la fiscal\u00eda y confirm\u00f3 que la costarricense hab\u00eda intentado quitarle a su hijo a la salida de la escuela y que no era la primera vez que lo sacaba del colegio sin avisarle a ella.<\/p>\n\n\n\n<p>\u00abMaribel iba con unas personas, creo que eran autoridades como de lo familiar, fue una emboscada completamente. Yo intent\u00e9 darle la mano a mi ni\u00f1o y en eso ella lo empieza a jalar, entonces \u00e9l empieza a llorar y decir que no se quiere ir. En eso empec\u00e9 a hacer un en vivo para que la gente viera que me lo quer\u00eda quitar y ella sali\u00f3 corriendo y se fue en su camioneta\u00bb, dijo Imelda sin poder contener el llanto.<\/p>\n\n\n\n<p>Fiera Lasa\/Mezcalent.com&nbsp;<\/p>\n\n\n\n<p>&lt;i&gt;Prohibida su reproducci\u00f3n parcial o total. La copia o distribuci\u00f3n no autorizada de este art\u00edculo y su correspondiente imagen infringe los derechos de autor.&lt;\/i&gt;<\/p>\n","protected":false},"excerpt":{"rendered":"<p>21 ENE (MEX) .- Luego de que hace unos minutos Maribel Guardia diera a conocer mediante sus redes sociales que entablar\u00e1 una denuncia en contra de su nuera Imelda Tu\u00f1\u00f3n para salvaguardar el bienestar de su nieto Jos\u00e9 Juli\u00e1n, ahora es ella quien rompe el silencio sobre esta situaci\u00f3n.<\/p>\n","protected":false},"author":3,"featured_media":15100,"comment_status":"closed","ping_status":"closed","sticky":false,"template":"","format":"standard","meta":{"_seopress_robots_primary_cat":"none"},"categories":[1],"tags":[1042,129],"acf":[],"_links":{"self":[{"href":"https:\/\/mezcalent.com\/news\/wp-json\/wp\/v2\/posts\/15096"}],"collection":[{"href":"https:\/\/mezcalent.com\/news\/wp-json\/wp\/v2\/posts"}],"about":[{"href":"https:\/\/mezcalent.com\/news\/wp-json\/wp\/v2\/types\/post"}],"author":[{"embeddable":true,"href":"https:\/\/mezcalent.com\/news\/wp-json\/wp\/v2\/users\/3"}],"replies":[{"embeddable":true,"href":"https:\/\/mezcalent.com\/news\/wp-json\/wp\/v2\/comments?post=15096"}],"version-history":[{"count":3,"href":"https:\/\/mezcalent.com\/news\/wp-json\/wp\/v2\/posts\/15096\/revisions"}],"predecessor-version":[{"id":15108,"href":"https:\/\/mezcalent.com\/news\/wp-json\/wp\/v2\/posts\/15096\/revisions\/15108"}],"wp:featuredmedia":[{"embeddable":true,"href":"https:\/\/mezcalent.com\/news\/wp-json\/wp\/v2\/media\/15100"}],"wp:attachment":[{"href":"https:\/\/mezcalent.com\/news\/wp-json\/wp\/v2\/media?parent=15096"}],"wp:term":[{"taxonomy":"category","embeddable":true,"href":"https:\/\/mezcalent.com\/news\/wp-json\/wp\/v2\/categories?post=15096"},{"taxonomy":"post_tag","embeddable":true,"href":"https:\/\/mezcalent.com\/news\/wp-json\/wp\/v2\/tags?post=15096"}],"curies":[{"name":"wp","href":"https:\/\/api.w.org\/{rel}","templated":true}]}}