{"id":15127,"date":"2025-01-22T18:00:00","date_gmt":"2025-01-23T00:00:00","guid":{"rendered":"https:\/\/mezcalent.com\/news\/?p=15127"},"modified":"2025-01-23T08:22:59","modified_gmt":"2025-01-23T14:22:59","slug":"maribel-guardia-confirma-que-su-nieto-se-quedara-con-ella","status":"publish","type":"post","link":"https:\/\/mezcalent.com\/news\/maribel-guardia-confirma-que-su-nieto-se-quedara-con-ella-15127.html","title":{"rendered":"Maribel Guardia confirma que su nieto se quedar\u00e1 con ella"},"content":{"rendered":"\n<p>22 ENE (MEX) .- El pleito entre Maribel Guardia y su nuera Imelda Tu\u00f1\u00f3n sigue dando de qu\u00e9 hablar, pues luego de que se diera a conocer que el menor se hab\u00eda quedado resguardado con las autoridades, la costarricense revela que ya lo tiene en su casa.<\/p>\n\n\n\n<p>A trav\u00e9s de su cuenta de Instagram, la costarricense comparti\u00f3 un video en el que revel\u00f3 que luego de un d\u00eda completo de diligencias, las autoridades determinaron que ella ser\u00e1 quien tenga la custodia del peque\u00f1o Jos\u00e9 Juli\u00e1n durante poco m\u00e1s de una semana.<\/p>\n\n\n\n<p>\u00abAyer fue un d\u00eda de muchas emociones. Despu\u00e9s de presentarme en la tarde ante las autoridades, terminamos a las cinco de la ma\u00f1ana de hoy. Por razones obvias, permanecimos en un recinto distinto a la familia materna de mi nieto. Los especialistas en este tipo de investigaciones, al terminar de analizar a todas las partes, nos informaron que se determin\u00f3 que el ni\u00f1o debe quedarse de manera temporal, por 10 d\u00edas conmigo, s\u00f3lo mientras se lleva a cabo la investigaci\u00f3n\u00bb, dijo Maribel.<\/p>\n\n\n\n<p>Para finalizar, la actriz asegur\u00f3 que siempre ha sido partidaria de que los ni\u00f1os deben estar con su madre, pero en este caso espera que Imelda Tu\u00f1\u00f3n pueda estar bien f\u00edsica y psicol\u00f3gicamente para poder hacerse cargo de su hijo. <\/p>\n\n\n\n<p>Fiera Lasa\/Mezcalent.com&nbsp;<\/p>\n\n\n\n<p>&lt;i&gt;Prohibida su reproducci\u00f3n parcial o total. La copia o distribuci\u00f3n no autorizada de este art\u00edculo y su correspondiente imagen infringe los derechos de autor.&lt;\/i&gt;<\/p>\n","protected":false},"excerpt":{"rendered":"<p>22 ENE (MEX) .- El pleito entre Maribel Guardia y su nuera Imelda Tu\u00f1\u00f3n sigue dando de qu\u00e9 hablar, pues luego de que se diera a conocer que el menor se hab\u00eda quedado resguardado con las autoridades, la costarricense revela que ya lo tiene en su casa.<\/p>\n","protected":false},"author":3,"featured_media":15129,"comment_status":"closed","ping_status":"closed","sticky":false,"template":"","format":"standard","meta":{"_seopress_robots_primary_cat":"none"},"categories":[1],"tags":[129],"acf":[],"_links":{"self":[{"href":"https:\/\/mezcalent.com\/news\/wp-json\/wp\/v2\/posts\/15127"}],"collection":[{"href":"https:\/\/mezcalent.com\/news\/wp-json\/wp\/v2\/posts"}],"about":[{"href":"https:\/\/mezcalent.com\/news\/wp-json\/wp\/v2\/types\/post"}],"author":[{"embeddable":true,"href":"https:\/\/mezcalent.com\/news\/wp-json\/wp\/v2\/users\/3"}],"replies":[{"embeddable":true,"href":"https:\/\/mezcalent.com\/news\/wp-json\/wp\/v2\/comments?post=15127"}],"version-history":[{"count":2,"href":"https:\/\/mezcalent.com\/news\/wp-json\/wp\/v2\/posts\/15127\/revisions"}],"predecessor-version":[{"id":15135,"href":"https:\/\/mezcalent.com\/news\/wp-json\/wp\/v2\/posts\/15127\/revisions\/15135"}],"wp:featuredmedia":[{"embeddable":true,"href":"https:\/\/mezcalent.com\/news\/wp-json\/wp\/v2\/media\/15129"}],"wp:attachment":[{"href":"https:\/\/mezcalent.com\/news\/wp-json\/wp\/v2\/media?parent=15127"}],"wp:term":[{"taxonomy":"category","embeddable":true,"href":"https:\/\/mezcalent.com\/news\/wp-json\/wp\/v2\/categories?post=15127"},{"taxonomy":"post_tag","embeddable":true,"href":"https:\/\/mezcalent.com\/news\/wp-json\/wp\/v2\/tags?post=15127"}],"curies":[{"name":"wp","href":"https:\/\/api.w.org\/{rel}","templated":true}]}}