{"id":15208,"date":"2025-01-29T08:49:00","date_gmt":"2025-01-29T14:49:00","guid":{"rendered":"https:\/\/mezcalent.com\/news\/?p=15208"},"modified":"2025-01-29T10:03:14","modified_gmt":"2025-01-29T16:03:14","slug":"video-alfredo-adame-no-duerme-y-esta-es-la-razon-defiende-a-maribel","status":"publish","type":"post","link":"https:\/\/mezcalent.com\/news\/video-alfredo-adame-no-duerme-y-esta-es-la-razon-defiende-a-maribel-15208.html","title":{"rendered":"VIDEO: Alfredo Adame no duerme y \u00e9sta es la raz\u00f3n, defiende a Maribel"},"content":{"rendered":"\n<p>29 ENE (MEX).- Alfredo Adame muestra su apoyo a Maribel Guardia en su demanda contra Imelda Garza-Tu\u00f1\u00f3n por la custodia de su nieto Jos\u00e9 Juli\u00e1n, pues asegura que la actriz es la mujer m\u00e1s decente que ha conocido y que no har\u00eda algo as\u00ed a menos que existiera una buena raz\u00f3n.<\/p>\n\n\n\n<p>\u00abMaribel Guardia es la mujer m\u00e1s educada, m\u00e1s decente, con la moral m\u00e1s alta que he conocido en mi vida y yo creo que Maribel no har\u00eda nada, no har\u00eda lo que hizo si no hubiera una poderos\u00edsima raz\u00f3n y yo a ojos cerrados la apoyo porque yo no veo algo que sea insano o mal intencionado\u00bb.<\/p>\n\n\n\n<p>El conductor anuncia el lanzamiento de su podcast \u00abLey Adame\u00bb, donde entrevistar\u00e1 a personalidades exitosas en las redes sociales, adem\u00e1s demandar\u00e1 a Maryfer Centeno por hablar mal de sus partes \u00edntimas en un programa de streaming, y los da\u00f1os que puedan causar esos comentarios en su persona y profesi\u00f3n.<\/p>\n\n\n\n<p>\u00abSon tres demandas para ella y los tres que estaban en ese programa.<\/p>\n\n\n\n<p>\u00abNo duermo, todo el d\u00eda pienso en la gente que dice que tengo el pe\u2026 chico. Y luego imag\u00ednate, da\u00f1o patrimonial porque \u00bfqu\u00e9 productor va a querer contratar a un gal\u00e1n de televisi\u00f3n con el pen\u2026 chico? El da\u00f1o moral pues, ahorita que iba llegando dec\u00edan &#8216;mira ah\u00ed va Adame el del pen\u2026 chico\u00bb.<\/p>\n\n\n\n<p>Aunque Alfredo nunca tuvo alg\u00fan inconveniente con su desempe\u00f1o en la intimidad.<\/p>\n\n\n\n<p>\u00abNunca hubo quejas, tengo cuatro hijos y nunca hubo quejas\u00bb.<\/p>\n\n\n\n<p><\/p>\n\n\n\n<div id=\"Player_Playoncontent\"><iframe id=\"3752158_1738166568108\" title=\"VIDEO: Alfredo Adame no duerme y esta es la raz\u00f3n, defiende a Maribel\" width=\"600\" height=\"338\"  allow=\"autoplay; fullscreen\"><\/iframe><script type=\"text\/javascript\" src=\"\/\/widget.playoncenter.com\/newplayer\/ifriendly\/embed.min.js\"><\/script><script type=\"application\/javascript\">(function(){IFRIENDLY_DATA.init({\"idFrm\":\"3752158_1738166568108\",\"type\":\"video\",\"affId\":\"12956\",\"filter\":\"3752158\",\"width\":600,\"height\":338,\"twitter\":\"\",\"volume\":100,\"autoplay\":0,\"hasVideoRelated\":0,\"share_rrss\":1,\"max\":50,\"limit\":25,\"domain\":\"\/\/widget.playoncenter.com\/\",\"viewFriendly\":1,\"lazyload\":0});})()<\/script><\/div>\n\n\n\n<p><\/p>\n\n\n\n<p>Adame est\u00e1 listo para regresar a \u00abLa Casa de los Famosos\u00bb en su edici\u00f3n \u00abAll Stars\u00bb (Telemundo) y reencontrarse con Lupillo Rivera.<\/p>\n\n\n\n<p>\u00abAh\u00ed va la &#8216;Ley de Adame&#8217;: T\u00fa me ofendes, yo te ofendo, t\u00fa me insultas, yo te insulto, t\u00fa me faltas al respeto, yo te mando a chiflar a tu madre.<\/p>\n\n\n\n<p>\u00abPara m\u00ed no significa nada (Lupillo), es un peladito, un malandro y pues no, no significa nada. Si me saluda, lo saludo, si no me saluda, no lo saludo, si me tira mala onda, se la regreso.<\/p>\n\n\n\n<p>\u00abEn &#8216;La Casa de los Famosos&#8217; voy a soltar una informaci\u00f3n, que se van a ir de espaldas, sobre Lupillo Rivera\u00bb.<\/p>\n\n\n\n<p>Incluso buscar\u00e1 una alianza con Niurka para protegerse del hermano de Jenni Rivera.<\/p>\n\n\n\n<p>\u00abTengo muchos santeros. Ya llevo mi (frasco), llevo a Niurka, lo voy a contrarestar, le voy a pedir, le voy a decir &#8216;Niuka, pido votos para ti, pero embr\u00fajame a este enano'\u00bb.<\/p>\n\n\n\n<p>Al final, el presentador neg\u00f3 haber dicho que su ex esposa Mary Paz Banquells manten\u00eda un romance incestuoso con su hijo Diego, todo fue un invento de su ex novia Susan Quintana.<\/p>\n\n\n\n<p>\u00abLo niego absolutamente. Yo no dije nada de eso, yo no toqu\u00e9 ese tema, no existe.<\/p>\n\n\n\n<p>\u00abEs una loquita (Susan), vayan a Guadalajara y pregunten, vayan y pregunten. Tuvo tres ingresos al psiqui\u00e1trico de San Juan de Dios en Guadalajara. Al Rey Grupero le dijo que yo me caga\u2026 en los calzones\u00bb.<\/p>\n\n\n\n<p><\/p>\n\n\n\n<p>Erika Uribe y Lalo Carrasco\/MezcalTV<\/p>\n\n\n\n<p>Prohibida su reproducci\u00f3n parcial o total. La copia o distribuci\u00f3n no autorizada de este art\u00edculo y su correspondiente imagen infringe los derechos de autor.<\/p>\n","protected":false},"excerpt":{"rendered":"<p>29 ENE (MEX).- Alfredo Adame muestra su apoyo a Maribel Guardia en su demanda contra Imelda Garza-Tu\u00f1\u00f3n por la custodia de su nieto Jos\u00e9 Juli\u00e1n, pues asegura que la actriz es la mujer m\u00e1s decente que ha conocido y que no har\u00eda algo as\u00ed a menos que existiera una buena raz\u00f3n.<\/p>\n","protected":false},"author":4,"featured_media":15211,"comment_status":"closed","ping_status":"closed","sticky":false,"template":"","format":"standard","meta":{"_seopress_robots_primary_cat":"none"},"categories":[1],"tags":[699,1845,1042,129],"acf":[],"_links":{"self":[{"href":"https:\/\/mezcalent.com\/news\/wp-json\/wp\/v2\/posts\/15208"}],"collection":[{"href":"https:\/\/mezcalent.com\/news\/wp-json\/wp\/v2\/posts"}],"about":[{"href":"https:\/\/mezcalent.com\/news\/wp-json\/wp\/v2\/types\/post"}],"author":[{"embeddable":true,"href":"https:\/\/mezcalent.com\/news\/wp-json\/wp\/v2\/users\/4"}],"replies":[{"embeddable":true,"href":"https:\/\/mezcalent.com\/news\/wp-json\/wp\/v2\/comments?post=15208"}],"version-history":[{"count":3,"href":"https:\/\/mezcalent.com\/news\/wp-json\/wp\/v2\/posts\/15208\/revisions"}],"predecessor-version":[{"id":15214,"href":"https:\/\/mezcalent.com\/news\/wp-json\/wp\/v2\/posts\/15208\/revisions\/15214"}],"wp:featuredmedia":[{"embeddable":true,"href":"https:\/\/mezcalent.com\/news\/wp-json\/wp\/v2\/media\/15211"}],"wp:attachment":[{"href":"https:\/\/mezcalent.com\/news\/wp-json\/wp\/v2\/media?parent=15208"}],"wp:term":[{"taxonomy":"category","embeddable":true,"href":"https:\/\/mezcalent.com\/news\/wp-json\/wp\/v2\/categories?post=15208"},{"taxonomy":"post_tag","embeddable":true,"href":"https:\/\/mezcalent.com\/news\/wp-json\/wp\/v2\/tags?post=15208"}],"curies":[{"name":"wp","href":"https:\/\/api.w.org\/{rel}","templated":true}]}}