{"id":15316,"date":"2025-02-10T07:18:01","date_gmt":"2025-02-10T13:18:01","guid":{"rendered":"https:\/\/mezcalent.com\/news\/?p=15316"},"modified":"2025-02-10T07:51:05","modified_gmt":"2025-02-10T13:51:05","slug":"video-cristian-de-la-fuente-feliz-de-volver-a-encontrar-el-amor","status":"publish","type":"post","link":"https:\/\/mezcalent.com\/news\/video-cristian-de-la-fuente-feliz-de-volver-a-encontrar-el-amor-15316.html","title":{"rendered":"VIDEO: Cristi\u00e1n de la Fuente feliz de volver a encontrar el amor"},"content":{"rendered":"\n<p>10 FEB (MEX) .- Cristi\u00e1n de la Fuente est\u00e1 muy contento en su romance con la periodista P\u00eda Marcollese, pues luego de m\u00e1s de un a\u00f1o de su separaci\u00f3n de Ang\u00e9lica Castro, con quien tuvo un matrimonio de m\u00e1s de dos d\u00e9cadas, el chileno dio una nueva oportunidad al amor.<\/p>\n\n\n\n<p>\u00abTodo muy bien, muy contento, muy feliz. Viviendo un d\u00eda a la vez, que es la \u00fanica forma de c\u00f3mo lo podemos vivir y muy contento\u00bb.<\/p>\n\n\n\n<p>Cristi\u00e1n tiene una participaci\u00f3n especial en la serie \u00abLa Jefa\u00bb (Telemundo) y su personaje de \u00abJuan Jos\u00e9\u00bb es un elemento primordial para que la historia de \u00abGloria\u00bb, interpretada por Fabiola Guajardo y protagonista de la historia, de un giro radical.<\/p>\n\n\n\n<p>\u00abTodos los cambios en la vida necesitan una raz\u00f3n y el cambio en la vida de &#8216;Gloria, convertirse en &#8216;La Jefa&#8217; es por culpa de mis decisiones y de mis acciones\u00bb.<\/p>\n\n\n\n<p>El actor de origen chileno explica que algunos hechos hacen que cambie tu realidad y cu\u00e1les fueron las vivencias que impactaron el curso de su vida.<\/p>\n\n\n\n<p>\u00abTodos los d\u00edas nos cambia la vida. Dejar mi pa\u00eds, la muerte de mi pap\u00e1, el nacimiento de mi hija, mi separaci\u00f3n, volver a encontrar el amor, el despertarme todos los d\u00edas, un nuevo proyecto.&nbsp;<\/p>\n\n\n\n<p>\u00abTodos los d\u00edas es que nos cambia la vida, a veces no nos damos cuenta, a veces creemos que lo hacen de una manera peque\u00f1a pero siempre al final del d\u00eda, est\u00e1s cambiando\u00bb.<\/p>\n\n\n\n<p><\/p>\n\n\n\n<div id=\"Player_Playoncontent\"><iframe id=\"3752606_1739195440498\" title=\"VIDEO: Cristi\u00e1n de la Fuente feliz de volver a encontrar el amor\" width=\"600\" height=\"338\"  allow=\"autoplay; fullscreen\"><\/iframe><script type=\"text\/javascript\" src=\"\/\/widget.playoncenter.com\/newplayer\/ifriendly\/embed.min.js\"><\/script><script type=\"application\/javascript\">(function(){IFRIENDLY_DATA.init({\"idFrm\":\"3752606_1739195440498\",\"type\":\"video\",\"affId\":\"12956\",\"filter\":\"3752606\",\"width\":600,\"height\":338,\"twitter\":\"\",\"volume\":100,\"autoplay\":0,\"hasVideoRelated\":0,\"share_rrss\":1,\"max\":50,\"limit\":25,\"domain\":\"\/\/widget.playoncenter.com\/\",\"viewFriendly\":1,\"lazyload\":0});})()<\/script><\/div>\n\n\n\n<p><\/p>\n\n\n\n<p>Cristi\u00e1n se siente muy orgulloso de su hija Laura, aunque confiesa que la extra\u00f1a mucho porque \u00abya abandon\u00f3 el nido\u00bb.<\/p>\n\n\n\n<p>\u00abYo he sido muy afortunado. Mi hija, gracias a Dios, nunca me ha dado dolores de cabeza, ha sido una hija maravillosa.<\/p>\n\n\n\n<p>\u00abObviamente, uno la extra\u00f1a porque tiene alas y se va, ella est\u00e1 haciendo su vida ahora. Dej\u00f3 el nido y ella est\u00e1 viviendo y haciendo sus cosas, y yo muy contento de que ella ya sea grande, que sea una mujer hecha y derecha\u00bb.<\/p>\n\n\n\n<p>El chileno recuerda con admiraci\u00f3n a Dulce, con quien comparti\u00f3 en la puesta en escena de \u00abPerfume de Gardenia\u00bb, pues era de las pocas cantantes que le erizaban la piel con su voz.<\/p>\n\n\n\n<p>\u00abDulce era maravillosa, una mujer tremenda, talentos\u00edsima. Era la \u00fanica mujer que era capaz de cantar a capela en el escenario y que a uno se le erizara la piel, de verdad se le extra\u00f1a todos los d\u00edas.<\/p>\n\n\n\n<p>\u00abNadie va a hacer el papel de Dulce, es irremplazable y en cada funci\u00f3n que hagamos, tratar de homenajearla, despedirla y recordarla con mucho cari\u00f1o\u00bb.<\/p>\n\n\n\n<p>Erika Uribe y Lalo Carrasco\/MezcalTV<\/p>\n\n\n\n<p>Prohibida su reproducci\u00f3n parcial o total. La copia o distribuci\u00f3n no autorizada de este art\u00edculo y su correspondiente imagen infringe los derechos de autor.<\/p>\n","protected":false},"excerpt":{"rendered":"<p>10 FEB (MEX) .- Cristi\u00e1n de la Fuente est\u00e1 muy contento en su romance con la periodista P\u00eda Marcollese, pues luego de m\u00e1s de un a\u00f1o de su separaci\u00f3n de Ang\u00e9lica Castro, con quien tuvo un matrimonio de m\u00e1s de dos d\u00e9cadas, el chileno dio una nueva oportunidad al amor.<\/p>\n","protected":false},"author":3,"featured_media":15318,"comment_status":"closed","ping_status":"closed","sticky":false,"template":"","format":"standard","meta":{"_seopress_robots_primary_cat":"none"},"categories":[1],"tags":[761],"acf":[],"_links":{"self":[{"href":"https:\/\/mezcalent.com\/news\/wp-json\/wp\/v2\/posts\/15316"}],"collection":[{"href":"https:\/\/mezcalent.com\/news\/wp-json\/wp\/v2\/posts"}],"about":[{"href":"https:\/\/mezcalent.com\/news\/wp-json\/wp\/v2\/types\/post"}],"author":[{"embeddable":true,"href":"https:\/\/mezcalent.com\/news\/wp-json\/wp\/v2\/users\/3"}],"replies":[{"embeddable":true,"href":"https:\/\/mezcalent.com\/news\/wp-json\/wp\/v2\/comments?post=15316"}],"version-history":[{"count":2,"href":"https:\/\/mezcalent.com\/news\/wp-json\/wp\/v2\/posts\/15316\/revisions"}],"predecessor-version":[{"id":15320,"href":"https:\/\/mezcalent.com\/news\/wp-json\/wp\/v2\/posts\/15316\/revisions\/15320"}],"wp:featuredmedia":[{"embeddable":true,"href":"https:\/\/mezcalent.com\/news\/wp-json\/wp\/v2\/media\/15318"}],"wp:attachment":[{"href":"https:\/\/mezcalent.com\/news\/wp-json\/wp\/v2\/media?parent=15316"}],"wp:term":[{"taxonomy":"category","embeddable":true,"href":"https:\/\/mezcalent.com\/news\/wp-json\/wp\/v2\/categories?post=15316"},{"taxonomy":"post_tag","embeddable":true,"href":"https:\/\/mezcalent.com\/news\/wp-json\/wp\/v2\/tags?post=15316"}],"curies":[{"name":"wp","href":"https:\/\/api.w.org\/{rel}","templated":true}]}}