{"id":15500,"date":"2025-02-24T07:34:03","date_gmt":"2025-02-24T13:34:03","guid":{"rendered":"https:\/\/mezcalent.com\/news\/?p=15500"},"modified":"2025-02-24T07:34:05","modified_gmt":"2025-02-24T13:34:05","slug":"video-cecilia-galliano-esta-deprimida-por-sus-hijos","status":"publish","type":"post","link":"https:\/\/mezcalent.com\/news\/video-cecilia-galliano-esta-deprimida-por-sus-hijos-15500.html","title":{"rendered":"VIDEO: Cecilia Galliano est\u00e1 deprimida por sus hijos"},"content":{"rendered":"\n<p>24 FEB (MEX) .- Cecilia Galliano confiesa que en los \u00faltimos d\u00edas se ha sentido deprimida y hasta ha considerado acercarse a un profesional para que la ayude en esta etapa. Y es que ahora que su hijo Santiago se fue a estudiar fuera del pa\u00eds y su hija Valentina le dijo que se ir\u00eda a vivir sola, la actriz se dio cuenta que se quedar\u00eda sola y que su vida se enfocaba s\u00f3lo en sus hijos.<\/p>\n\n\n\n<p>\u00abMe agarr\u00f3 este fin de semana, as\u00ed como que entend\u00ed que se hab\u00edan ido todos mis hijos; \u00a1perd\u00f3n que los agarre de terapia!..<\/p>\n\n\n\n<p>\u00abYo me hac\u00eda muy la de &#8216;\u00a1yo puedo, yo puedo!&#8217;. Cuando se fue Santiago dije &#8216;est\u00e1 bien, yo me fui a los 15 (a\u00f1os) \u00a1que vuele, que vuele&#8217;! Vale, volvi\u00f3 de Espa\u00f1a, vivi\u00f3 este a\u00f1o conmigo y me sent\u00f3 muy seria y me dijo &#8216;Mam\u00e1, ya me voy a ir a vivir sola, ya necesito mi libertad, experimentar mis cosas&#8217;, y yo as\u00ed &#8216;\u00bfc\u00f3mo, pero si podemos vivir las dos? Me respondi\u00f3 &#8216;no&#8217; y yo &#8216;bueno, \u00a1claro!&#8217;, me hice la superada y entonces el fin de semana empec\u00e9 a ver que se llevaba cosas.<\/p>\n\n\n\n<p>\u00abYo cri\u00e9 a mi hija desde los 22 a\u00f1os y me di cuenta que s\u00f3lo hab\u00eda trabajado y criado a mis hijos, entonces yo dec\u00eda &#8216;\u00bfcon qui\u00e9n voy a ir al cine si no voy con Vale?, \u00bfcon qui\u00e9n voy a comer si no voy con Santi? y dije \u00a1mier&#8230; necesito una coach emocional!\u00bb.<\/p>\n\n\n\n<p>Cecilia encabeza junto con Gaby Spanic, Sabine Moussier, Lorena Herrera, entre otras, la puesta en escena \u00abBrujas\u00bb, con la que recorrer\u00e1n varias ciudades en territorio estadounidense pr\u00f3ximamente, y donde la argentina comparti\u00f3 que est\u00e1 conociendo a un nuevo gal\u00e1n, menor que ella.<\/p>\n\n\n\n<p>\u00abEstoy conociendo (un hombre), les digo para que no empiecen a decir \u00a1ay, sale con tal!, porque no, me lo van a espantar, d\u00e9jenlo tranquilo.<\/p>\n\n\n\n<p>\u00abEstoy contenta, estoy bien. La verdad es que tengo mucho trabajo, entonces nos cuesta mucho congeniar, pero estoy contenta. Creo que tiene mucha paciencia, como que entiende cosas que no deber\u00eda de entender y las entiende, entonces eso a m\u00ed me da mucha paz.<\/p>\n\n\n\n<p>\u00abEs un poquito menor, pero piensa como m\u00e1s maduro. He tenido algunos mayores y son bastantes chiquilines, y \u00e9l, la verdad, s\u00ed es como que &#8216;est\u00e1 bien'\u00bb.<\/p>\n\n\n\n<p>&#8211; \u00bfA qu\u00e9 te refieres con chiquilines?<br>O sea, inmaduros de la mente.<\/p>\n\n\n\n<p>\u00ab\u00a1Ah! Tambi\u00e9n me han tocado algunos\u00bb, responde entre risas tras entender el doble sentido de \u00abchiquilines\u00bb.<\/p>\n\n\n\n<p>Erika Uribe y Lalo Carrasco\/MezcalTV<\/p>\n\n\n\n<p>Prohibida su reproducci\u00f3n parcial o total. La copia o distribuci\u00f3n no autorizada de este art\u00edculo y su correspondiente imagen infringe los derechos de autor.<\/p>\n","protected":false},"excerpt":{"rendered":"<p>24 FEB (MEX) .- Cecilia Galliano confiesa que en los \u00faltimos d\u00edas se ha sentido deprimida y hasta ha considerado acercarse a un profesional para que la ayude en esta etapa. Y es que ahora que su hijo Santiago se fue a estudiar fuera del pa\u00eds y su hija Valentina le dijo que se ir\u00eda a vivir sola, la actriz se dio cuenta que se quedar\u00eda sola y que su vida se enfocaba s\u00f3lo en sus hijos.<\/p>\n","protected":false},"author":3,"featured_media":15502,"comment_status":"closed","ping_status":"closed","sticky":false,"template":"","format":"standard","meta":{"_seopress_robots_primary_cat":"none"},"categories":[1],"tags":[1249],"acf":[],"_links":{"self":[{"href":"https:\/\/mezcalent.com\/news\/wp-json\/wp\/v2\/posts\/15500"}],"collection":[{"href":"https:\/\/mezcalent.com\/news\/wp-json\/wp\/v2\/posts"}],"about":[{"href":"https:\/\/mezcalent.com\/news\/wp-json\/wp\/v2\/types\/post"}],"author":[{"embeddable":true,"href":"https:\/\/mezcalent.com\/news\/wp-json\/wp\/v2\/users\/3"}],"replies":[{"embeddable":true,"href":"https:\/\/mezcalent.com\/news\/wp-json\/wp\/v2\/comments?post=15500"}],"version-history":[{"count":1,"href":"https:\/\/mezcalent.com\/news\/wp-json\/wp\/v2\/posts\/15500\/revisions"}],"predecessor-version":[{"id":15503,"href":"https:\/\/mezcalent.com\/news\/wp-json\/wp\/v2\/posts\/15500\/revisions\/15503"}],"wp:featuredmedia":[{"embeddable":true,"href":"https:\/\/mezcalent.com\/news\/wp-json\/wp\/v2\/media\/15502"}],"wp:attachment":[{"href":"https:\/\/mezcalent.com\/news\/wp-json\/wp\/v2\/media?parent=15500"}],"wp:term":[{"taxonomy":"category","embeddable":true,"href":"https:\/\/mezcalent.com\/news\/wp-json\/wp\/v2\/categories?post=15500"},{"taxonomy":"post_tag","embeddable":true,"href":"https:\/\/mezcalent.com\/news\/wp-json\/wp\/v2\/tags?post=15500"}],"curies":[{"name":"wp","href":"https:\/\/api.w.org\/{rel}","templated":true}]}}