{"id":15615,"date":"2025-03-06T07:37:11","date_gmt":"2025-03-06T13:37:11","guid":{"rendered":"https:\/\/mezcalent.com\/news\/?p=15615"},"modified":"2025-03-07T12:20:16","modified_gmt":"2025-03-07T18:20:16","slug":"video-olivia-collins-dice-que-imelda-va-tras-la-herencia-del-hijo-de-maribel","status":"publish","type":"post","link":"https:\/\/mezcalent.com\/news\/video-olivia-collins-dice-que-imelda-va-tras-la-herencia-del-hijo-de-maribel-15615.html","title":{"rendered":"VIDEO: Olivia Collins dice que Imelda va tras la herencia del hijo de Maribel"},"content":{"rendered":"\n<p>06 MAR (MEX).- Olivia Collins vuelve a dar fuertes declaraciones contra Imelda Garza Tu\u00f1\u00f3n, a quien ha calificado de interesada y afirma que la nuera de Maribel Guardia tuvo un hijo para asegurar su relaci\u00f3n sentimental con Juli\u00e1n Figueroa, fallecido heredero de la costarricense y Joan Sebastian.<\/p>\n\n\n\n<p>\u00abVa por el inter\u00e9s econ\u00f3mico, porque a un hijo no lo traes al mundo por inter\u00e9s, no es un juguete, es un ser humano y si Imelda quiso jalar a Juli\u00e1n, retenerlo para que estuviera con ella por medio de un hijo, pues ahora tiene que demostrar que es una madre.<\/p>\n\n\n\n<p>\u00abObviamente, es la mam\u00e1 y si Jos\u00e9 Juli\u00e1n es el heredero universal, pues ella va a tener facilidades para tener el dinero. Cuando \u00e9l (Jos\u00e9 Juli\u00e1n) sea grande, a lo mejor va a tener algo o a lo mejor Imelda se lo acab\u00f3\u00bb.<\/p>\n\n\n\n<p>La actriz se muestra molesta por la forma en que retiraron del cuidado de Maribel Guardia a su nieto Jos\u00e9 Juli\u00e1n, pues ese tipo de acontecimientos dejar\u00e1 marcado al peque\u00f1o de 7 a\u00f1os.<\/p>\n\n\n\n<p>\u00abNo se vale sacar a un ni\u00f1o con ese tipo de agresiones porque le va a quedar para el futuro, va a tener una marca.<\/p>\n\n\n\n<p>\u00abEsa manera de entrar a la casa de mi amiga, con pistola en mano, \u00bfc\u00f3mo se atreve? Se ve que a Imelda no le interesan los sentimientos de su hijo para hacerlo de esta manera, \u00a1imag\u00ednate t\u00fa! Que el ni\u00f1o ve todo eso y se lo llevan as\u00ed\u00bb.<\/p>\n\n\n\n<p><\/p>\n\n\n\n<figure class=\"wp-block-embed is-type-video is-provider-youtube wp-block-embed-youtube wp-embed-aspect-16-9 wp-has-aspect-ratio\"><div class=\"wp-block-embed__wrapper\">\n<iframe loading=\"lazy\" title=\"Olivia Collins dice que Imelda va tras la herencia del nieto de Maribel Guardia\" width=\"500\" height=\"281\" src=\"https:\/\/www.youtube.com\/embed\/GlpZ1t5qq_k?feature=oembed\" frameborder=\"0\" allow=\"accelerometer; autoplay; clipboard-write; encrypted-media; gyroscope; picture-in-picture; web-share\" referrerpolicy=\"strict-origin-when-cross-origin\" allowfullscreen><\/iframe>\n<\/div><\/figure>\n\n\n\n<p><\/p>\n\n\n\n<p>Olivia asegura que Maribel se encuentra tranquila a pesar de todo.<\/p>\n\n\n\n<p>\u00abMi amiga est\u00e1 tranquila, tiempo al tiempo, es todo lo que les puedo decir\u00bb.<\/p>\n\n\n\n<p>Tambi\u00e9n es normal que Jos\u00e9 Juli\u00e1n extra\u00f1e a su mam\u00e1, porque a su edad no entiende lo que est\u00e1 pasando.<\/p>\n\n\n\n<p>\u00abObvio extra\u00f1a a su mam\u00e1, el ni\u00f1o es ajeno a todo esto, tanto quiere a Maribel, como quiere a su mam\u00e1, \u00a1qu\u00e9 bueno que la quiera!, me parece s\u00faper bien, eso debe de ser as\u00ed, no que la odie.<\/p>\n\n\n\n<p>\u00abEl ni\u00f1o no se ha dado cuenta de todo lo que est\u00e1 pasando, porque se est\u00e1 pidiendo que Imelda reflexione, nada m\u00e1s\u00bb.<\/p>\n\n\n\n<p>Finalmente, Olivia manda un contundente mensaje a la viuda de Juli\u00e1n Figueroa.<\/p>\n\n\n\n<p>\u00abQue tenga nobleza, que tenga decencia nada m\u00e1s, \u00a1decencia!\u00bb.<\/p>\n\n\n\n<p><\/p>\n\n\n\n<p>Erika Uribe y Lalo Carrasco\/MezcalTV<\/p>\n\n\n\n<p>Prohibida su reproducci\u00f3n parcial o total. La copia o distribuci\u00f3n no autorizada de este art\u00edculo y su correspondiente imagen infringe los derechos de autor.<\/p>\n","protected":false},"excerpt":{"rendered":"<p>06 MAR (MEX).- Olivia Collins vuelve a dar fuertes declaraciones contra Imelda Garza Tu\u00f1\u00f3n, a quien ha calificado de interesada y afirma que la nuera de Maribel Guardia tuvo un hijo para asegurar su relaci\u00f3n sentimental con Juli\u00e1n Figueroa, fallecido heredero de la costarricense y Joan Sebastian.<\/p>\n","protected":false},"author":4,"featured_media":15618,"comment_status":"closed","ping_status":"closed","sticky":false,"template":"","format":"standard","meta":{"_seopress_robots_primary_cat":"none"},"categories":[1],"tags":[1845,1042,129,1721],"acf":[],"_links":{"self":[{"href":"https:\/\/mezcalent.com\/news\/wp-json\/wp\/v2\/posts\/15615"}],"collection":[{"href":"https:\/\/mezcalent.com\/news\/wp-json\/wp\/v2\/posts"}],"about":[{"href":"https:\/\/mezcalent.com\/news\/wp-json\/wp\/v2\/types\/post"}],"author":[{"embeddable":true,"href":"https:\/\/mezcalent.com\/news\/wp-json\/wp\/v2\/users\/4"}],"replies":[{"embeddable":true,"href":"https:\/\/mezcalent.com\/news\/wp-json\/wp\/v2\/comments?post=15615"}],"version-history":[{"count":4,"href":"https:\/\/mezcalent.com\/news\/wp-json\/wp\/v2\/posts\/15615\/revisions"}],"predecessor-version":[{"id":15640,"href":"https:\/\/mezcalent.com\/news\/wp-json\/wp\/v2\/posts\/15615\/revisions\/15640"}],"wp:featuredmedia":[{"embeddable":true,"href":"https:\/\/mezcalent.com\/news\/wp-json\/wp\/v2\/media\/15618"}],"wp:attachment":[{"href":"https:\/\/mezcalent.com\/news\/wp-json\/wp\/v2\/media?parent=15615"}],"wp:term":[{"taxonomy":"category","embeddable":true,"href":"https:\/\/mezcalent.com\/news\/wp-json\/wp\/v2\/categories?post=15615"},{"taxonomy":"post_tag","embeddable":true,"href":"https:\/\/mezcalent.com\/news\/wp-json\/wp\/v2\/tags?post=15615"}],"curies":[{"name":"wp","href":"https:\/\/api.w.org\/{rel}","templated":true}]}}