{"id":16137,"date":"2025-04-24T09:16:00","date_gmt":"2025-04-24T15:16:00","guid":{"rendered":"https:\/\/mezcalent.com\/news\/?p=16137"},"modified":"2025-04-24T09:17:31","modified_gmt":"2025-04-24T15:17:31","slug":"maribel-guardia-defiende-el-canto-de-imelda-tunon","status":"publish","type":"post","link":"https:\/\/mezcalent.com\/news\/maribel-guardia-defiende-el-canto-de-imelda-tunon-16137.html","title":{"rendered":"Maribel Guardia defiende el canto de Imelda Tu\u00f1\u00f3n\u00a0"},"content":{"rendered":"\n<p>24 ABR (MEX) .- Pese a la batalla legal que enfrenta con su nuera Imelda Tu\u00f1\u00f3n desde hace unos meses, Maribel Guardia deja en claro que no ha dejado de quererla y que est\u00e1 dispuesta a apoyarla en su carrera art\u00edstica.<\/p>\n\n\n\n<p>En un breve encuentro con la prensa, la costarricense dio su opini\u00f3n sobre las cr\u00edticas que la joven ha recibido por su mal desempe\u00f1o al cantar en la obra de teatro \u00abSoltero, Casado, Viudo y Divorciado\u00bb y asegur\u00f3 que, aunque s\u00ed le hace falta pr\u00e1ctica, conf\u00eda en su talento y en que pueda sacar el proyecto adelante.<\/p>\n\n\n\n<p>\u00abYo creo que no es culpa de ella. Ella ya lleva un tiempo en la m\u00fasica. Siempre que uno se para en un escenario, genera respeto y las tablas te intimidan. Yo creo que no lo hizo mal, lo puede hacer mejor y tiene con qu\u00e9, es una chica muy linda que tiene much\u00edsimo talento. Tiene que echarle ganas y trabajar por su hijo\u00bb, dijo Maribel.<\/p>\n\n\n\n<p>Para finalizar, la actriz se\u00f1al\u00f3 que, aunque ha tenido diferencias fuertes con su nuera, le desea todo lo mejor del mundo tanto en su carrera art\u00edstica como en su vida personal, pues sabe que es una buena muchacha.&nbsp;<\/p>\n\n\n\n<p>Fiera Lasa\/Mezcalent.com&nbsp;<\/p>\n\n\n\n<p>Prohibida su reproducci\u00f3n parcial o total. La copia o distribuci\u00f3n no autorizada de este art\u00edculo y su correspondiente imagen infringe los derechos de autor.<\/p>\n","protected":false},"excerpt":{"rendered":"<p>24 ABR (MEX) .- Pese a la batalla legal que enfrenta con su nuera Imelda Tu\u00f1\u00f3n desde hace unos meses, Maribel Guardia deja en claro que no ha dejado de quererla y que est\u00e1 dispuesta a apoyarla en su carrera art\u00edstica.<\/p>\n","protected":false},"author":3,"featured_media":16139,"comment_status":"closed","ping_status":"closed","sticky":false,"template":"","format":"standard","meta":{"_seopress_robots_primary_cat":"none"},"categories":[1],"tags":[1042,129],"acf":[],"_links":{"self":[{"href":"https:\/\/mezcalent.com\/news\/wp-json\/wp\/v2\/posts\/16137"}],"collection":[{"href":"https:\/\/mezcalent.com\/news\/wp-json\/wp\/v2\/posts"}],"about":[{"href":"https:\/\/mezcalent.com\/news\/wp-json\/wp\/v2\/types\/post"}],"author":[{"embeddable":true,"href":"https:\/\/mezcalent.com\/news\/wp-json\/wp\/v2\/users\/3"}],"replies":[{"embeddable":true,"href":"https:\/\/mezcalent.com\/news\/wp-json\/wp\/v2\/comments?post=16137"}],"version-history":[{"count":1,"href":"https:\/\/mezcalent.com\/news\/wp-json\/wp\/v2\/posts\/16137\/revisions"}],"predecessor-version":[{"id":16140,"href":"https:\/\/mezcalent.com\/news\/wp-json\/wp\/v2\/posts\/16137\/revisions\/16140"}],"wp:featuredmedia":[{"embeddable":true,"href":"https:\/\/mezcalent.com\/news\/wp-json\/wp\/v2\/media\/16139"}],"wp:attachment":[{"href":"https:\/\/mezcalent.com\/news\/wp-json\/wp\/v2\/media?parent=16137"}],"wp:term":[{"taxonomy":"category","embeddable":true,"href":"https:\/\/mezcalent.com\/news\/wp-json\/wp\/v2\/categories?post=16137"},{"taxonomy":"post_tag","embeddable":true,"href":"https:\/\/mezcalent.com\/news\/wp-json\/wp\/v2\/tags?post=16137"}],"curies":[{"name":"wp","href":"https:\/\/api.w.org\/{rel}","templated":true}]}}