{"id":16631,"date":"2025-06-09T09:07:00","date_gmt":"2025-06-09T15:07:00","guid":{"rendered":"https:\/\/mezcalent.com\/news\/?p=16631"},"modified":"2025-06-09T09:38:51","modified_gmt":"2025-06-09T15:38:51","slug":"eugenio-derbez-recuerda-la-carta-que-chespirito-le-escribio-para-animarlo","status":"publish","type":"post","link":"https:\/\/mezcalent.com\/news\/eugenio-derbez-recuerda-la-carta-que-chespirito-le-escribio-para-animarlo-16631.html","title":{"rendered":"Eugenio Derbez recuerda la carta que \u2018Chespirito\u2019 le escribi\u00f3 para animarlo"},"content":{"rendered":"\n<p>09 JUN (MEX) .- Aunque cuenta con una trayectoria de m\u00e1s de dos d\u00e9cadas en televisi\u00f3n, Eugenio Derbez revela que los inicios de su carrera no fueron nada f\u00e1ciles; sin embargo, pudo contar con el apoyo de uno de los m\u00e1s grandes humoristas de M\u00e9xico: don Roberto G\u00f3mez Bola\u00f1os.<\/p>\n\n\n\n<p>A trav\u00e9s de su cuenta de Instagram, el humorista public\u00f3 un video en el que record\u00f3 su debut en una telenovela, la cual desafortunadamente no tuvo el \u00e9xito que revel\u00f3 que se esperaba, y revel\u00f3 que, tras su primer fracaso profesional, \u00abChespirito\u00bb le escribi\u00f3 unas palabras muy emotivas motiv\u00e1ndolo a seguir actuando.&nbsp;<\/p>\n\n\n\n<p>\u00abPor el tipo de humor que manejaba,&nbsp;\u00abNo Tengo Madre\u00bb&nbsp;era una telenovela muy distinta a lo que se ha hecho. La audiencia eran b\u00e1sicamente amas de casa y no entendieron que hab\u00eda humor en la telenovela, entonces no les gust\u00f3.&nbsp;Yo qued\u00e9 muy triste y esto&nbsp;de que me hab\u00eda deprimido lleg\u00f3 a los o\u00eddos de mi adorado, admirado y respetado don Roberto G\u00f3mez Bola\u00f1os, cuando \u00e9l ya era quien era, y se \u00e9l tom\u00f3 la molestia de escribirme una carta para darme \u00e1nimos. Eso nunca lo voy a olvidar\u00bb, cont\u00f3 Eugenio.<\/p>\n\n\n\n<p>Para finalizar, el actor se\u00f1al\u00f3 que esta acci\u00f3n del creador de personajes como \u00abEl Chavo Del Ocho\u00bb y \u00abEl Chapul\u00edn Colorado\u00bb lo conmovi\u00f3 mucho y desde ese entonces creci\u00f3 la admiraci\u00f3n que ya sent\u00eda por \u00e9l desde hace a\u00f1os.<\/p>\n\n\n\n<p>Fiera Lasa\/Mezcalent.com&nbsp;<\/p>\n\n\n\n<p>Prohibida su reproducci\u00f3n parcial o total. La copia o distribuci\u00f3n no autorizada de este art\u00edculo y su correspondiente imagen infringe los derechos de autor.<\/p>\n","protected":false},"excerpt":{"rendered":"<p>09 JUN (MEX) .- Aunque cuenta con una trayectoria de m\u00e1s de dos d\u00e9cadas en televisi\u00f3n, Eugenio Derbez revela que los inicios de su carrera no fueron nada f\u00e1ciles; sin embargo, pudo contar con el apoyo de uno de los m\u00e1s grandes humoristas de M\u00e9xico: don Roberto G\u00f3mez Bola\u00f1os.<\/p>\n","protected":false},"author":3,"featured_media":16633,"comment_status":"closed","ping_status":"closed","sticky":false,"template":"","format":"standard","meta":{"_seopress_robots_primary_cat":"none"},"categories":[1],"tags":[82],"acf":[],"_links":{"self":[{"href":"https:\/\/mezcalent.com\/news\/wp-json\/wp\/v2\/posts\/16631"}],"collection":[{"href":"https:\/\/mezcalent.com\/news\/wp-json\/wp\/v2\/posts"}],"about":[{"href":"https:\/\/mezcalent.com\/news\/wp-json\/wp\/v2\/types\/post"}],"author":[{"embeddable":true,"href":"https:\/\/mezcalent.com\/news\/wp-json\/wp\/v2\/users\/3"}],"replies":[{"embeddable":true,"href":"https:\/\/mezcalent.com\/news\/wp-json\/wp\/v2\/comments?post=16631"}],"version-history":[{"count":1,"href":"https:\/\/mezcalent.com\/news\/wp-json\/wp\/v2\/posts\/16631\/revisions"}],"predecessor-version":[{"id":16634,"href":"https:\/\/mezcalent.com\/news\/wp-json\/wp\/v2\/posts\/16631\/revisions\/16634"}],"wp:featuredmedia":[{"embeddable":true,"href":"https:\/\/mezcalent.com\/news\/wp-json\/wp\/v2\/media\/16633"}],"wp:attachment":[{"href":"https:\/\/mezcalent.com\/news\/wp-json\/wp\/v2\/media?parent=16631"}],"wp:term":[{"taxonomy":"category","embeddable":true,"href":"https:\/\/mezcalent.com\/news\/wp-json\/wp\/v2\/categories?post=16631"},{"taxonomy":"post_tag","embeddable":true,"href":"https:\/\/mezcalent.com\/news\/wp-json\/wp\/v2\/tags?post=16631"}],"curies":[{"name":"wp","href":"https:\/\/api.w.org\/{rel}","templated":true}]}}