{"id":16895,"date":"2025-07-01T11:25:00","date_gmt":"2025-07-01T17:25:00","guid":{"rendered":"https:\/\/mezcalent.com\/news\/?p=16895"},"modified":"2025-07-01T21:37:42","modified_gmt":"2025-07-02T03:37:42","slug":"imelda-tunon-dice-que-su-hijo-no-extrana-a-maribel-guardia","status":"publish","type":"post","link":"https:\/\/mezcalent.com\/news\/imelda-tunon-dice-que-su-hijo-no-extrana-a-maribel-guardia-16895.html","title":{"rendered":"Imelda Tu\u00f1\u00f3n dice que su hijo no extra\u00f1a a Maribel Guardia"},"content":{"rendered":"\n<p>01 JUL (MEX) .- Tal parece que la situaci\u00f3n entre Imelda Tu\u00f1\u00f3n y Maribel Guardia contin\u00faa algo tensa y ahora es la joven quien afirma que su peque\u00f1o hijo Jos\u00e9 Juli\u00e1n ya no quiere tener contacto con su famosa abuela.<\/p>\n\n\n\n<p>A su paso por la alfombra roja de la entrega de los Premios Grandeza Hispana, la viuda de Juli\u00e1n Figueroa revel\u00f3 que hace unos d\u00edas escuch\u00f3 a su reto\u00f1o conversar con unos primos suyos y decir que no extra\u00f1a a la costarricense.<\/p>\n\n\n\n<p>\u00abAhorita ya no me ha preguntado por su abuelita.\u00a0No le tiene miedo, \u00e9l la ama y es su abuela al final del d\u00eda. Nada m\u00e1s que s\u00ed estuvo muy feo que tuviera que enfrentar una situaci\u00f3n as\u00ed y, sobre todo, que fuera su abuela quien la provocara\u00bb, dijo Imelda.<\/p>\n\n\n\n<p>Por \u00faltimo, la actriz y cantante asegur\u00f3 que est\u00e1 abierta a que Jos\u00e9 Juli\u00e1n vuelva a convivir con Maribel; sin embargo, asegur\u00f3 que tendr\u00e1 que ser bajo ciertas condiciones como por ejemplo que haya alguna persona supervis\u00e1ndolos para asegurar que no vuelva a suceder otro esc\u00e1ndalo.<\/p>\n\n\n\n<p>Fiera Lasa\/Mezcalent.com&nbsp;<\/p>\n\n\n\n<p>Prohibida su reproducci\u00f3n parcial o total. La copia o distribuci\u00f3n no autorizada de este art\u00edculo y su correspondiente imagen infringe los derechos de autor.<\/p>\n\n\n\n<p> <\/p>\n","protected":false},"excerpt":{"rendered":"<p>01 JUL (MEX) .- Tal parece que la situaci\u00f3n entre Imelda Tu\u00f1\u00f3n y Maribel Guardia contin\u00faa algo tensa y ahora es la joven quien afirma que su peque\u00f1o hijo Jos\u00e9 Juli\u00e1n ya no quiere tener contacto con su famosa abuela.<\/p>\n","protected":false},"author":3,"featured_media":16897,"comment_status":"closed","ping_status":"closed","sticky":false,"template":"","format":"standard","meta":{"_seopress_robots_primary_cat":"none"},"categories":[1],"tags":[1042],"acf":[],"_links":{"self":[{"href":"https:\/\/mezcalent.com\/news\/wp-json\/wp\/v2\/posts\/16895"}],"collection":[{"href":"https:\/\/mezcalent.com\/news\/wp-json\/wp\/v2\/posts"}],"about":[{"href":"https:\/\/mezcalent.com\/news\/wp-json\/wp\/v2\/types\/post"}],"author":[{"embeddable":true,"href":"https:\/\/mezcalent.com\/news\/wp-json\/wp\/v2\/users\/3"}],"replies":[{"embeddable":true,"href":"https:\/\/mezcalent.com\/news\/wp-json\/wp\/v2\/comments?post=16895"}],"version-history":[{"count":1,"href":"https:\/\/mezcalent.com\/news\/wp-json\/wp\/v2\/posts\/16895\/revisions"}],"predecessor-version":[{"id":16898,"href":"https:\/\/mezcalent.com\/news\/wp-json\/wp\/v2\/posts\/16895\/revisions\/16898"}],"wp:featuredmedia":[{"embeddable":true,"href":"https:\/\/mezcalent.com\/news\/wp-json\/wp\/v2\/media\/16897"}],"wp:attachment":[{"href":"https:\/\/mezcalent.com\/news\/wp-json\/wp\/v2\/media?parent=16895"}],"wp:term":[{"taxonomy":"category","embeddable":true,"href":"https:\/\/mezcalent.com\/news\/wp-json\/wp\/v2\/categories?post=16895"},{"taxonomy":"post_tag","embeddable":true,"href":"https:\/\/mezcalent.com\/news\/wp-json\/wp\/v2\/tags?post=16895"}],"curies":[{"name":"wp","href":"https:\/\/api.w.org\/{rel}","templated":true}]}}