{"id":17073,"date":"2025-07-17T08:52:03","date_gmt":"2025-07-17T14:52:03","guid":{"rendered":"https:\/\/mezcalent.com\/news\/?p=17073"},"modified":"2025-07-17T08:52:05","modified_gmt":"2025-07-17T14:52:05","slug":"cecilia-galliano-no-ha-hablado-con-su-hijo-de-la-muerte-de-su-mama","status":"publish","type":"post","link":"https:\/\/mezcalent.com\/news\/cecilia-galliano-no-ha-hablado-con-su-hijo-de-la-muerte-de-su-mama-17073.html","title":{"rendered":"Cecilia Galliano no ha hablado con su hijo de la muerte de su mam\u00e1"},"content":{"rendered":"\n<p>17 JUL (MEX) .- Han pasado varios d\u00edas desde que Cecilia Galliano anunci\u00f3 con l\u00e1grimas en los ojos el fallecimiento de su madre y, aunque ella ya se ha desahogado con sus fans sobre la tristeza que siente, le gustar\u00eda saber c\u00f3mo lo ha tomado su hijo Santiago.<\/p>\n\n\n\n<p>En un encuentro con los medios, la argentina revel\u00f3 que no ha tenido tiempo de platicar con el joven, fruto de su relaci\u00f3n con Sebasti\u00e1n Rulli, debido a que \u00e9l estudia en Estados Unidos, pero ahora que est\u00e1 en la capital mexicana aprovechar\u00e1 para hacerlo.<\/p>\n\n\n\n<p>\u00abSanti lleg\u00f3 anoche, entonces todav\u00eda nos falta esa charlita porque \u00e9l sabe lo que pas\u00f3, pero yo quisiera saber c\u00f3mo se siente. Por ahora, que disfrute al abuelo, que est\u00e9 con \u00e9l y ya despu\u00e9s nos sentaremos a hablar, a\u00fan tenemos tiempo para eso\u00bb, dijo Cecilia.<\/p>\n\n\n\n<p>Para finalizar, la actriz y conductora asegur\u00f3 que tener a toda su familia junta estos d\u00edas le ayudar\u00e1 a sobrellevar mejor el duelo por la p\u00e9rdida de do\u00f1a Marta y confes\u00f3 que a\u00fan no ha logrado asimilar que ya no la volver\u00e1 a ver.&nbsp;<\/p>\n\n\n\n<p>Fiera Lasa\/Mezcalent.com&nbsp;<\/p>\n\n\n\n<p>Prohibida su reproducci\u00f3n parcial o total. La copia o distribuci\u00f3n no autorizada de este art\u00edculo y su correspondiente imagen infringe los derechos de autor.<\/p>\n","protected":false},"excerpt":{"rendered":"<p>17 JUL (MEX) .- Han pasado varios d\u00edas desde que Cecilia Galliano anunci\u00f3 con l\u00e1grimas en los ojos el fallecimiento de su madre y, aunque ella ya se ha desahogado con sus fans sobre la tristeza que siente, le gustar\u00eda saber c\u00f3mo lo ha tomado su hijo Santiago.<\/p>\n","protected":false},"author":3,"featured_media":17075,"comment_status":"closed","ping_status":"closed","sticky":false,"template":"","format":"standard","meta":{"_seopress_robots_primary_cat":"none"},"categories":[1],"tags":[1249],"acf":[],"_links":{"self":[{"href":"https:\/\/mezcalent.com\/news\/wp-json\/wp\/v2\/posts\/17073"}],"collection":[{"href":"https:\/\/mezcalent.com\/news\/wp-json\/wp\/v2\/posts"}],"about":[{"href":"https:\/\/mezcalent.com\/news\/wp-json\/wp\/v2\/types\/post"}],"author":[{"embeddable":true,"href":"https:\/\/mezcalent.com\/news\/wp-json\/wp\/v2\/users\/3"}],"replies":[{"embeddable":true,"href":"https:\/\/mezcalent.com\/news\/wp-json\/wp\/v2\/comments?post=17073"}],"version-history":[{"count":1,"href":"https:\/\/mezcalent.com\/news\/wp-json\/wp\/v2\/posts\/17073\/revisions"}],"predecessor-version":[{"id":17076,"href":"https:\/\/mezcalent.com\/news\/wp-json\/wp\/v2\/posts\/17073\/revisions\/17076"}],"wp:featuredmedia":[{"embeddable":true,"href":"https:\/\/mezcalent.com\/news\/wp-json\/wp\/v2\/media\/17075"}],"wp:attachment":[{"href":"https:\/\/mezcalent.com\/news\/wp-json\/wp\/v2\/media?parent=17073"}],"wp:term":[{"taxonomy":"category","embeddable":true,"href":"https:\/\/mezcalent.com\/news\/wp-json\/wp\/v2\/categories?post=17073"},{"taxonomy":"post_tag","embeddable":true,"href":"https:\/\/mezcalent.com\/news\/wp-json\/wp\/v2\/tags?post=17073"}],"curies":[{"name":"wp","href":"https:\/\/api.w.org\/{rel}","templated":true}]}}