{"id":17556,"date":"2025-08-29T08:54:00","date_gmt":"2025-08-29T14:54:00","guid":{"rendered":"https:\/\/mezcalent.com\/news\/?p=17556"},"modified":"2025-08-29T09:16:26","modified_gmt":"2025-08-29T15:16:26","slug":"hijo-de-marc-anthony-mentia-sobre-su-trabajo","status":"publish","type":"post","link":"https:\/\/mezcalent.com\/news\/hijo-de-marc-anthony-mentia-sobre-su-trabajo-17556.html","title":{"rendered":"Hijo de Marc Anthony ment\u00eda sobre su trabajo"},"content":{"rendered":"\n<p>29 AGO (MEX) .- Aunque para muchos hijos de famosos es un orgullo reconocer a lo que se dedican sus padres, todo parece indicar que a uno de los hijos de Marc Anthony esto le provocaba cierto conflicto en su infancia.<\/p>\n\n\n\n<p>Ryan, fruto de la relaci\u00f3n del cantante con Dayanara Torres, confes\u00f3 en una entrevista con el peri\u00f3dico El Nuevo D\u00eda que ocultaba la verdadera profesi\u00f3n de su padre y explic\u00f3 sus razones detr\u00e1s de esta curiosa decisi\u00f3n.&nbsp;&nbsp;&nbsp;<\/p>\n\n\n\n<p>\u00abCuando era ni\u00f1o, la gente me preguntaba a qu\u00e9 se dedicaba mi familia y yo sol\u00eda decir que mi pap\u00e1 trabajaba en Best Buy porque no quer\u00eda que supieran la verdad, era una forma de saber qu\u00e9 personas eran genuinas en mi vida y cu\u00e1les quer\u00edan aprovecharse de eso y hasta cierto punto me funcion\u00f3\u00bb, dijo el joven.<\/p>\n\n\n\n<p>Para finalizar, el muchacho de 22 a\u00f1os se\u00f1al\u00f3 que actualmente mucha gente lo reconoce en las calles y le pide una fotograf\u00eda y, aunque esto no le molesta, no le gustar\u00eda que las personas lo se\u00f1alen como \u00abel hijo de\u00bb, sino que quiere trazar su propio camino.&nbsp;<\/p>\n\n\n\n<p>Fiera Lasa\/Mezcalent.com&nbsp;<\/p>\n\n\n\n<p>Prohibida su reproducci\u00f3n parcial o total. La copia o distribuci\u00f3n no autorizada de este art\u00edculo y su correspondiente imagen infringe los derechos de autor.<\/p>\n","protected":false},"excerpt":{"rendered":"<p>29 AGO (MEX) .- Aunque para muchos hijos de famosos es un orgullo reconocer a lo que se dedican sus padres, todo parece indicar que a uno de los hijos de Marc Anthony esto le provocaba cierto conflicto en su infancia.<\/p>\n","protected":false},"author":3,"featured_media":17558,"comment_status":"closed","ping_status":"closed","sticky":false,"template":"","format":"standard","meta":{"_seopress_robots_primary_cat":"none"},"categories":[1],"tags":[949],"acf":[],"_links":{"self":[{"href":"https:\/\/mezcalent.com\/news\/wp-json\/wp\/v2\/posts\/17556"}],"collection":[{"href":"https:\/\/mezcalent.com\/news\/wp-json\/wp\/v2\/posts"}],"about":[{"href":"https:\/\/mezcalent.com\/news\/wp-json\/wp\/v2\/types\/post"}],"author":[{"embeddable":true,"href":"https:\/\/mezcalent.com\/news\/wp-json\/wp\/v2\/users\/3"}],"replies":[{"embeddable":true,"href":"https:\/\/mezcalent.com\/news\/wp-json\/wp\/v2\/comments?post=17556"}],"version-history":[{"count":1,"href":"https:\/\/mezcalent.com\/news\/wp-json\/wp\/v2\/posts\/17556\/revisions"}],"predecessor-version":[{"id":17559,"href":"https:\/\/mezcalent.com\/news\/wp-json\/wp\/v2\/posts\/17556\/revisions\/17559"}],"wp:featuredmedia":[{"embeddable":true,"href":"https:\/\/mezcalent.com\/news\/wp-json\/wp\/v2\/media\/17558"}],"wp:attachment":[{"href":"https:\/\/mezcalent.com\/news\/wp-json\/wp\/v2\/media?parent=17556"}],"wp:term":[{"taxonomy":"category","embeddable":true,"href":"https:\/\/mezcalent.com\/news\/wp-json\/wp\/v2\/categories?post=17556"},{"taxonomy":"post_tag","embeddable":true,"href":"https:\/\/mezcalent.com\/news\/wp-json\/wp\/v2\/tags?post=17556"}],"curies":[{"name":"wp","href":"https:\/\/api.w.org\/{rel}","templated":true}]}}