{"id":17946,"date":"2025-10-08T09:06:00","date_gmt":"2025-10-08T15:06:00","guid":{"rendered":"https:\/\/mezcalent.com\/news\/?p=17946"},"modified":"2025-10-08T09:37:23","modified_gmt":"2025-10-08T15:37:23","slug":"tunden-a-angelica-vale-por-decir-que-latinos-no-pueden-pagar-para-el-super-bowl","status":"publish","type":"post","link":"https:\/\/mezcalent.com\/news\/tunden-a-angelica-vale-por-decir-que-latinos-no-pueden-pagar-para-el-super-bowl-17946.html","title":{"rendered":"Tunden a Ang\u00e9lica Vale por decir que latinos no pueden pagar el Super Bowl"},"content":{"rendered":"\n<p>08 OCT (MEX) .- Aunque Ang\u00e9lica Vale ha procurado llevar una carrera alejada de todas las pol\u00e9micas, un desafortunado comentario que realiz\u00f3 en su programa de radio caus\u00f3 que se convirtiera en blanco de cr\u00edticas.<\/p>\n\n\n\n<p>Fue durante la \u00faltima emisi\u00f3n de \u00abLa Vale Show\u00bb que la actriz asegur\u00f3 que al Super Bowl no va a asistir el p\u00fablico latino, pues no cuentan con la solvencia econ\u00f3mica suficiente como para pagar un boleto.&nbsp;&nbsp;&nbsp;<\/p>\n\n\n\n<p>\u00abA m\u00ed me parece un muy mal comentario, dice que ning\u00fan latino puede pagar cinco mil d\u00f3lares, pero muchos s\u00ed podr\u00edan hacerlo si lo quisieran\u00bb, \u00abExisten muchas aplicaciones para pagar poco a poco o con una tarjeta de cr\u00e9dito\u00bb, \u00abLos latinos son muy trabajadores, tienen eso y m\u00e1s\u00bb y \u00bb&nbsp;Fue un comentario muy desafortunado y m\u00e1s de ella que es latina\u00bb fueron algunos de los comentarios que Ang\u00e9lica recibi\u00f3 en su contra.<\/p>\n\n\n\n<p>Hasta el momento, la hija de Ang\u00e9lica Mar\u00eda no se ha pronunciado al respecto acerca de su discurso, pero se espera que en el pr\u00f3ximo episodio de su programa de radio pueda ofrecer alguna declaraci\u00f3n para tratar de acabar con este esc\u00e1ndalo.&nbsp;<\/p>\n\n\n\n<p>Fiera Lasa\/Mezcalent.com&nbsp;<\/p>\n\n\n\n<p>Prohibida su reproducci\u00f3n parcial o total. La copia o distribuci\u00f3n no autorizada de este art\u00edculo y su correspondiente imagen infringe los derechos de autor.<\/p>\n","protected":false},"excerpt":{"rendered":"<p>08 OCT (MEX) .- Aunque Ang\u00e9lica Vale ha procurado llevar una carrera alejada de todas las pol\u00e9micas, un desafortunado comentario que realiz\u00f3 en su programa de radio caus\u00f3 que se convirtiera en blanco de cr\u00edticas.<\/p>\n","protected":false},"author":3,"featured_media":17950,"comment_status":"closed","ping_status":"closed","sticky":false,"template":"","format":"standard","meta":{"_seopress_robots_primary_cat":"none"},"categories":[1],"tags":[13],"acf":[],"_links":{"self":[{"href":"https:\/\/mezcalent.com\/news\/wp-json\/wp\/v2\/posts\/17946"}],"collection":[{"href":"https:\/\/mezcalent.com\/news\/wp-json\/wp\/v2\/posts"}],"about":[{"href":"https:\/\/mezcalent.com\/news\/wp-json\/wp\/v2\/types\/post"}],"author":[{"embeddable":true,"href":"https:\/\/mezcalent.com\/news\/wp-json\/wp\/v2\/users\/3"}],"replies":[{"embeddable":true,"href":"https:\/\/mezcalent.com\/news\/wp-json\/wp\/v2\/comments?post=17946"}],"version-history":[{"count":2,"href":"https:\/\/mezcalent.com\/news\/wp-json\/wp\/v2\/posts\/17946\/revisions"}],"predecessor-version":[{"id":17955,"href":"https:\/\/mezcalent.com\/news\/wp-json\/wp\/v2\/posts\/17946\/revisions\/17955"}],"wp:featuredmedia":[{"embeddable":true,"href":"https:\/\/mezcalent.com\/news\/wp-json\/wp\/v2\/media\/17950"}],"wp:attachment":[{"href":"https:\/\/mezcalent.com\/news\/wp-json\/wp\/v2\/media?parent=17946"}],"wp:term":[{"taxonomy":"category","embeddable":true,"href":"https:\/\/mezcalent.com\/news\/wp-json\/wp\/v2\/categories?post=17946"},{"taxonomy":"post_tag","embeddable":true,"href":"https:\/\/mezcalent.com\/news\/wp-json\/wp\/v2\/tags?post=17946"}],"curies":[{"name":"wp","href":"https:\/\/api.w.org\/{rel}","templated":true}]}}