{"id":18055,"date":"2025-10-21T09:11:00","date_gmt":"2025-10-21T15:11:00","guid":{"rendered":"https:\/\/mezcalent.com\/news\/?p=18055"},"modified":"2025-10-21T09:22:37","modified_gmt":"2025-10-21T15:22:37","slug":"jennifer-lopez-niega-altercado-con-shakira-en-el-super-bowl","status":"publish","type":"post","link":"https:\/\/mezcalent.com\/news\/jennifer-lopez-niega-altercado-con-shakira-en-el-super-bowl-18055.html","title":{"rendered":"Jennifer L\u00f3pez niega altercado con Shakira en el Super Bowl"},"content":{"rendered":"\n<p>21 OCT (MEX) .- Luego de que en el pasado expresara que haber compartido con Shakira el espect\u00e1culo de medio tiempo del Super Bowl hab\u00eda sido una muy mala idea, Jennifer L\u00f3pez ha decidido aclarar a qu\u00e9 se refer\u00eda.<\/p>\n\n\n\n<p>La cantante acudi\u00f3 al programa \u00abHoward Stern Show\u00bb y ah\u00ed cont\u00f3 que las declaraciones que ofreci\u00f3 en el documental \u00abHalftime\u00bb no eran en contra de la colombiana, sino de los organizadores del evento por no permitir que ninguna de las dos brillara.<\/p>\n\n\n\n<p>\u00abShakira tambi\u00e9n se merec\u00eda su momento y yo quer\u00eda el m\u00edo. Fue absolutamente perfecto y estoy muy orgullosa de ese Super Bowl y de haber compartido ese escenario con Shakira, porque representamos algo que en ese momento era muy importante: dos mujeres y madres latinas que defienden el trabajo duro. Estaban pasando muchas cosas y fuimos capaces de traer luz\u00bb, dijo J. Lo.<\/p>\n\n\n\n<p>Para finalizar, la llamada \u00abDiva del Bronx\u00bb asegur\u00f3 que su sue\u00f1o siempre fue hacer el famoso show del evento m\u00e1s importante del futbol americano tal y como ocurri\u00f3 en el pasado con Madonna, Diana Ross o Prince, a quien considera sus \u00eddolos.&nbsp;<\/p>\n\n\n\n<p>Fiera Lasa\/Mezcalent.com&nbsp;<\/p>\n\n\n\n<p>Prohibida su reproducci\u00f3n parcial o total. La copia o distribuci\u00f3n no autorizada de este art\u00edculo y su correspondiente imagen infringe los derechos de autor.<\/p>\n","protected":false},"excerpt":{"rendered":"<p>21 OCT (MEX) .- Luego de que en el pasado expresara que haber compartido con Shakira el espect\u00e1culo de medio tiempo del Super Bowl hab\u00eda sido una muy mala idea, Jennifer L\u00f3pez ha decidido aclarar a qu\u00e9 se refer\u00eda.<\/p>\n","protected":false},"author":3,"featured_media":18057,"comment_status":"closed","ping_status":"closed","sticky":false,"template":"","format":"standard","meta":{"_seopress_robots_primary_cat":"none"},"categories":[1],"tags":[63,116],"acf":[],"_links":{"self":[{"href":"https:\/\/mezcalent.com\/news\/wp-json\/wp\/v2\/posts\/18055"}],"collection":[{"href":"https:\/\/mezcalent.com\/news\/wp-json\/wp\/v2\/posts"}],"about":[{"href":"https:\/\/mezcalent.com\/news\/wp-json\/wp\/v2\/types\/post"}],"author":[{"embeddable":true,"href":"https:\/\/mezcalent.com\/news\/wp-json\/wp\/v2\/users\/3"}],"replies":[{"embeddable":true,"href":"https:\/\/mezcalent.com\/news\/wp-json\/wp\/v2\/comments?post=18055"}],"version-history":[{"count":1,"href":"https:\/\/mezcalent.com\/news\/wp-json\/wp\/v2\/posts\/18055\/revisions"}],"predecessor-version":[{"id":18058,"href":"https:\/\/mezcalent.com\/news\/wp-json\/wp\/v2\/posts\/18055\/revisions\/18058"}],"wp:featuredmedia":[{"embeddable":true,"href":"https:\/\/mezcalent.com\/news\/wp-json\/wp\/v2\/media\/18057"}],"wp:attachment":[{"href":"https:\/\/mezcalent.com\/news\/wp-json\/wp\/v2\/media?parent=18055"}],"wp:term":[{"taxonomy":"category","embeddable":true,"href":"https:\/\/mezcalent.com\/news\/wp-json\/wp\/v2\/categories?post=18055"},{"taxonomy":"post_tag","embeddable":true,"href":"https:\/\/mezcalent.com\/news\/wp-json\/wp\/v2\/tags?post=18055"}],"curies":[{"name":"wp","href":"https:\/\/api.w.org\/{rel}","templated":true}]}}