{"id":18069,"date":"2025-10-22T08:40:00","date_gmt":"2025-10-22T14:40:00","guid":{"rendered":"https:\/\/mezcalent.com\/news\/?p=18069"},"modified":"2025-10-22T09:09:03","modified_gmt":"2025-10-22T15:09:03","slug":"gloria-trevi-retoma-su-amistad-con-mary-boquitas","status":"publish","type":"post","link":"https:\/\/mezcalent.com\/news\/gloria-trevi-retoma-su-amistad-con-mary-boquitas-18069.html","title":{"rendered":"Gloria Trevi retoma su amistad con Mary Boquitas\u00a0"},"content":{"rendered":"\n<p>22 OCT (MEX) .- Luego de varios a\u00f1os de haber estado distanciadas por el esc\u00e1ndalo del clan Trevi-Andrade y muchos dimes y diretes, Gloria Trevi revela que decidi\u00f3 volver a entablar la comunicaci\u00f3n con Mar\u00eda Raquenel Portillo.<\/p>\n\n\n\n<p>Durante la presentaci\u00f3n de su docuserie \u00abLa Trevi Sin Filtro\u00bb, la cantante asegur\u00f3 que lo m\u00e1s importante para ella es dar el primer paso en el proceso de la reconciliaci\u00f3n, ya que siente que de esta forma est\u00e1 sanando internamente.<\/p>\n\n\n\n<p>\u00abMe he sentido conmovida. Durante algunos a\u00f1os pasamos por muchas cosas muy dif\u00edciles y hubo un tiempo en que siendo ni\u00f1as fuimos amigas, y pues tom\u00e9 la decisi\u00f3n porque sent\u00ed a mucha gente que quer\u00eda ver esa reconciliaci\u00f3n. Es bonito dar ese mensaje de que nos debemos reconciliar\u00bb, dijo Gloria.<\/p>\n\n\n\n<p>Durante el evento, la int\u00e9rprete de \u00abCinco Minutos\u00bb tambi\u00e9n habl\u00f3 de Sergio Andrade y Pati Chapoy y revel\u00f3 que, pese al gran da\u00f1o que los dos le han hecho en distintas etapas y circunstancias de su vida, ha decidido no guardarles rencor.&nbsp;<\/p>\n\n\n\n<p>Fiera Lasa\/Mezcalent.com&nbsp;<\/p>\n\n\n\n<p>Prohibida su reproducci\u00f3n parcial o total. La copia o distribuci\u00f3n no autorizada de este art\u00edculo y su correspondiente imagen infringe los derechos de autor.<\/p>\n","protected":false},"excerpt":{"rendered":"<p>22 OCT (MEX) .- Luego de varios a\u00f1os de haber estado distanciadas por el esc\u00e1ndalo del clan Trevi-Andrade y muchos dimes y diretes, Gloria Trevi revela que decidi\u00f3 volver a entablar la comunicaci\u00f3n con Mar\u00eda Raquenel Portillo.<\/p>\n","protected":false},"author":3,"featured_media":18071,"comment_status":"closed","ping_status":"closed","sticky":false,"template":"","format":"standard","meta":{"_seopress_robots_primary_cat":"none"},"categories":[1],"tags":[103],"acf":[],"_links":{"self":[{"href":"https:\/\/mezcalent.com\/news\/wp-json\/wp\/v2\/posts\/18069"}],"collection":[{"href":"https:\/\/mezcalent.com\/news\/wp-json\/wp\/v2\/posts"}],"about":[{"href":"https:\/\/mezcalent.com\/news\/wp-json\/wp\/v2\/types\/post"}],"author":[{"embeddable":true,"href":"https:\/\/mezcalent.com\/news\/wp-json\/wp\/v2\/users\/3"}],"replies":[{"embeddable":true,"href":"https:\/\/mezcalent.com\/news\/wp-json\/wp\/v2\/comments?post=18069"}],"version-history":[{"count":1,"href":"https:\/\/mezcalent.com\/news\/wp-json\/wp\/v2\/posts\/18069\/revisions"}],"predecessor-version":[{"id":18072,"href":"https:\/\/mezcalent.com\/news\/wp-json\/wp\/v2\/posts\/18069\/revisions\/18072"}],"wp:featuredmedia":[{"embeddable":true,"href":"https:\/\/mezcalent.com\/news\/wp-json\/wp\/v2\/media\/18071"}],"wp:attachment":[{"href":"https:\/\/mezcalent.com\/news\/wp-json\/wp\/v2\/media?parent=18069"}],"wp:term":[{"taxonomy":"category","embeddable":true,"href":"https:\/\/mezcalent.com\/news\/wp-json\/wp\/v2\/categories?post=18069"},{"taxonomy":"post_tag","embeddable":true,"href":"https:\/\/mezcalent.com\/news\/wp-json\/wp\/v2\/tags?post=18069"}],"curies":[{"name":"wp","href":"https:\/\/api.w.org\/{rel}","templated":true}]}}