{"id":18120,"date":"2025-10-27T09:28:20","date_gmt":"2025-10-27T15:28:20","guid":{"rendered":"https:\/\/mezcalent.com\/news\/?p=18120"},"modified":"2025-10-27T09:28:22","modified_gmt":"2025-10-27T15:28:22","slug":"shakira-celebra-que-bad-bunny-cantara-en-el-super-bowl","status":"publish","type":"post","link":"https:\/\/mezcalent.com\/news\/shakira-celebra-que-bad-bunny-cantara-en-el-super-bowl-18120.html","title":{"rendered":"Shakira celebra que Bad Bunny cantar\u00e1 en el Super Bowl"},"content":{"rendered":"\n<p>27 OCT (MEX) .- Cada vez falta menos para la actuaci\u00f3n de Bad Bunny en el espect\u00e1culo del medio tiempo del Super Bowl y, aunque el cantante ha recibido decenas de cr\u00edticas por esto, Shakira asegura que a ella s\u00ed le entusiasma.<\/p>\n\n\n\n<p>En entrevista para la revista Variety, la colombiana no s\u00f3lo record\u00f3 cuando el boricua le hizo compa\u00f1\u00eda cuando ella particip\u00f3 en este show, sino que se\u00f1al\u00f3 que este hecho es un parteaguas para todas las celebridades de la comunidad latina.&nbsp;<\/p>\n\n\n\n<p>\u00ab\u00a1Ya era hora! Estoy muy orgullosa de que Bad Bunny, quien representa no solamente a la cultura latina, sino tambi\u00e9n a la importancia y universalidad de la m\u00fasica en espa\u00f1ol a nivel mundial, pueda estar en el escenario m\u00e1s grande del mundo. Este es el momento perfecto para una actuaci\u00f3n como esta. No puedo esperar a verla\u00bb, dijo Shakira.<\/p>\n\n\n\n<p>Para finalizar, la int\u00e9rprete de \u00abOjos As\u00ed\u00bb confes\u00f3 que cuando realiz\u00f3 su show al lado de Jennifer L\u00f3pez, la decisi\u00f3n de incluir temas en espa\u00f1ol se le hizo muy audaz y desea que la participaci\u00f3n del puertorrique\u00f1o sea bien aceptada cuando ocurra.<\/p>\n\n\n\n<p>Fiera Lasa\/Mezcalent.com&nbsp;<\/p>\n\n\n\n<p>Prohibida su reproducci\u00f3n parcial o total. La copia o distribuci\u00f3n no autorizada de este art\u00edculo y su correspondiente imagen infringe los derechos de autor.<\/p>\n","protected":false},"excerpt":{"rendered":"<p>27 OCT (MEX) .- Cada vez falta menos para la actuaci\u00f3n de Bad Bunny en el espect\u00e1culo del medio tiempo del Super Bowl y, aunque el cantante ha recibido decenas de cr\u00edticas por esto, Shakira asegura que a ella s\u00ed le entusiasma.<\/p>\n","protected":false},"author":3,"featured_media":18122,"comment_status":"closed","ping_status":"closed","sticky":false,"template":"","format":"standard","meta":{"_seopress_robots_primary_cat":"none"},"categories":[1],"tags":[142,116],"acf":[],"_links":{"self":[{"href":"https:\/\/mezcalent.com\/news\/wp-json\/wp\/v2\/posts\/18120"}],"collection":[{"href":"https:\/\/mezcalent.com\/news\/wp-json\/wp\/v2\/posts"}],"about":[{"href":"https:\/\/mezcalent.com\/news\/wp-json\/wp\/v2\/types\/post"}],"author":[{"embeddable":true,"href":"https:\/\/mezcalent.com\/news\/wp-json\/wp\/v2\/users\/3"}],"replies":[{"embeddable":true,"href":"https:\/\/mezcalent.com\/news\/wp-json\/wp\/v2\/comments?post=18120"}],"version-history":[{"count":1,"href":"https:\/\/mezcalent.com\/news\/wp-json\/wp\/v2\/posts\/18120\/revisions"}],"predecessor-version":[{"id":18123,"href":"https:\/\/mezcalent.com\/news\/wp-json\/wp\/v2\/posts\/18120\/revisions\/18123"}],"wp:featuredmedia":[{"embeddable":true,"href":"https:\/\/mezcalent.com\/news\/wp-json\/wp\/v2\/media\/18122"}],"wp:attachment":[{"href":"https:\/\/mezcalent.com\/news\/wp-json\/wp\/v2\/media?parent=18120"}],"wp:term":[{"taxonomy":"category","embeddable":true,"href":"https:\/\/mezcalent.com\/news\/wp-json\/wp\/v2\/categories?post=18120"},{"taxonomy":"post_tag","embeddable":true,"href":"https:\/\/mezcalent.com\/news\/wp-json\/wp\/v2\/tags?post=18120"}],"curies":[{"name":"wp","href":"https:\/\/api.w.org\/{rel}","templated":true}]}}