{"id":18292,"date":"2025-11-13T09:42:00","date_gmt":"2025-11-13T15:42:00","guid":{"rendered":"https:\/\/mezcalent.com\/news\/?p=18292"},"modified":"2025-11-13T10:03:18","modified_gmt":"2025-11-13T16:03:18","slug":"camila-sodi-sono-con-la-muerte-de-su-mama","status":"publish","type":"post","link":"https:\/\/mezcalent.com\/news\/camila-sodi-sono-con-la-muerte-de-su-mama-18292.html","title":{"rendered":"Camila Sodi so\u00f1\u00f3 con la muerte de su mam\u00e1"},"content":{"rendered":"\n<p>13 NOV (MEX) .- A un a\u00f1o del triste fallecimiento de su madre Ernestina por problemas derivados de un infarto, Camila Sodi reconoce que hay ocasiones en las que lo acepta m\u00e1s f\u00e1cil que otras y revela c\u00f3mo fue que entendi\u00f3 que ya no la tendr\u00eda m\u00e1s a su lado.<\/p>\n\n\n\n<p>Durante la presentaci\u00f3n de su libro \u00abEl Peque\u00f1o Libro Del Duelo\u00bb, la sobrina de Thal\u00eda admiti\u00f3 que, aunque ya sab\u00eda que la actriz inevitablemente partir\u00eda de este mundo por su complicado estado de salud, una visi\u00f3n repentina le mostr\u00f3 c\u00f3mo ser\u00eda.<\/p>\n\n\n\n<p>\u00abEst\u00e1s como esperando el golpe final.&nbsp;So\u00f1\u00e9 un techo blanco que se derrumbaba llenando el cuarto de agua y ah\u00ed estaba&nbsp;alguien ahog\u00e1ndose y esto para m\u00ed cobr\u00f3 sentido cuando vi a mi mam\u00e1 intubada y, despu\u00e9s de ese sue\u00f1o premonitorio, yo ya sab\u00eda que se iba a morir porque lo supe interpretar\u00bb, dijo Camila.<\/p>\n\n\n\n<p>Para finalizar, la joven actriz se\u00f1al\u00f3 que espera que su publicaci\u00f3n pueda serle de ayuda a las personas que, como ella, vivieron o est\u00e1n viviendo la p\u00e9rdida de un ser querido y puedan manejar su duelo con las herramientas adecuadas.<\/p>\n\n\n\n<p>Fiera Lasa\/Mezcalent.com&nbsp;<\/p>\n\n\n\n<p>Prohibida su reproducci\u00f3n parcial o total. La copia o distribuci\u00f3n no autorizada de este art\u00edculo y su correspondiente imagen infringe los derechos de autor.<\/p>\n","protected":false},"excerpt":{"rendered":"<p>13 NOV (MEX) .- A un a\u00f1o del triste fallecimiento de su madre Ernestina por problemas derivados de un infarto, Camila Sodi reconoce que hay ocasiones en las que lo acepta m\u00e1s f\u00e1cil que otras y revela c\u00f3mo fue que entendi\u00f3 que ya no la tendr\u00eda m\u00e1s a su lado.<\/p>\n","protected":false},"author":3,"featured_media":18294,"comment_status":"closed","ping_status":"closed","sticky":false,"template":"","format":"standard","meta":{"_seopress_robots_primary_cat":"none"},"categories":[1],"tags":[1053],"acf":[],"_links":{"self":[{"href":"https:\/\/mezcalent.com\/news\/wp-json\/wp\/v2\/posts\/18292"}],"collection":[{"href":"https:\/\/mezcalent.com\/news\/wp-json\/wp\/v2\/posts"}],"about":[{"href":"https:\/\/mezcalent.com\/news\/wp-json\/wp\/v2\/types\/post"}],"author":[{"embeddable":true,"href":"https:\/\/mezcalent.com\/news\/wp-json\/wp\/v2\/users\/3"}],"replies":[{"embeddable":true,"href":"https:\/\/mezcalent.com\/news\/wp-json\/wp\/v2\/comments?post=18292"}],"version-history":[{"count":1,"href":"https:\/\/mezcalent.com\/news\/wp-json\/wp\/v2\/posts\/18292\/revisions"}],"predecessor-version":[{"id":18295,"href":"https:\/\/mezcalent.com\/news\/wp-json\/wp\/v2\/posts\/18292\/revisions\/18295"}],"wp:featuredmedia":[{"embeddable":true,"href":"https:\/\/mezcalent.com\/news\/wp-json\/wp\/v2\/media\/18294"}],"wp:attachment":[{"href":"https:\/\/mezcalent.com\/news\/wp-json\/wp\/v2\/media?parent=18292"}],"wp:term":[{"taxonomy":"category","embeddable":true,"href":"https:\/\/mezcalent.com\/news\/wp-json\/wp\/v2\/categories?post=18292"},{"taxonomy":"post_tag","embeddable":true,"href":"https:\/\/mezcalent.com\/news\/wp-json\/wp\/v2\/tags?post=18292"}],"curies":[{"name":"wp","href":"https:\/\/api.w.org\/{rel}","templated":true}]}}