{"id":18393,"date":"2025-11-25T09:03:40","date_gmt":"2025-11-25T15:03:40","guid":{"rendered":"https:\/\/mezcalent.com\/news\/?p=18393"},"modified":"2025-11-25T09:03:42","modified_gmt":"2025-11-25T15:03:42","slug":"camila-sodi-recuerda-como-se-entero-del-secuestro-de-su-mama","status":"publish","type":"post","link":"https:\/\/mezcalent.com\/news\/camila-sodi-recuerda-como-se-entero-del-secuestro-de-su-mama-18393.html","title":{"rendered":"Camila Sodi recuerda c\u00f3mo se enter\u00f3 del secuestro de su mam\u00e1"},"content":{"rendered":"\n<p>25 NOV (MEX) .- Hace 23 a\u00f1os, Ernestina Sodi y Laura Zapata fueron secuestradas en la capital mexicana y Camila Sodi asegura que todav\u00eda guarda en su memoria c\u00f3mo fue el momento en el que se le dio la noticia.<\/p>\n\n\n\n<p>En entrevista con Yordi Rosado, la actriz narr\u00f3 que estaba pasando el d\u00eda con su pareja de ese entonces, cuando unos amigos de su madre llegaron sumamente preocupados a contarle todo lo que hab\u00eda ocurrido.<\/p>\n\n\n\n<p>\u00abEstaba con un exnovio comi\u00e9ndome una pizza, viendo la tele y llegaron los compadres de mi mam\u00e1.&nbsp;Llegaron con una cara que nunca se me va a olvidar, ya sab\u00eda que algo grave hab\u00eda pasado. Una profunda frustraci\u00f3n, tristeza, es una mezcla de sentimientos y es muy distinto a cuando alguien muere, porque es una sensaci\u00f3n de incertidumbre y muy constante, todo el tiempo estas as\u00ed\u00bb, dijo Camila.<\/p>\n\n\n\n<p>Asimismo, la ex de Diego Luna record\u00f3 que desde el primer momento del secuestro, su familia fue v\u00edctima de amenazas de muerte, tanto de las personas que manten\u00edan a su mam\u00e1 cautiva como de otros grupos delictivos.&nbsp;<\/p>\n\n\n\n<p>Fiera Lasa\/Mezcalent.com&nbsp;<\/p>\n\n\n\n<p>Prohibida su reproducci\u00f3n parcial o total. La copia o distribuci\u00f3n no autorizada de este art\u00edculo y su correspondiente imagen infringe los derechos de autor.<\/p>\n","protected":false},"excerpt":{"rendered":"<p>25 NOV (MEX) .- Hace 23 a\u00f1os, Ernestina Sodi y Laura Zapata fueron secuestradas en la capital mexicana y Camila Sodi asegura que todav\u00eda guarda en su memoria c\u00f3mo fue el momento en el que se le dio la noticia.<\/p>\n","protected":false},"author":3,"featured_media":18395,"comment_status":"closed","ping_status":"closed","sticky":false,"template":"","format":"standard","meta":{"_seopress_robots_primary_cat":"none"},"categories":[1],"tags":[1053],"acf":[],"_links":{"self":[{"href":"https:\/\/mezcalent.com\/news\/wp-json\/wp\/v2\/posts\/18393"}],"collection":[{"href":"https:\/\/mezcalent.com\/news\/wp-json\/wp\/v2\/posts"}],"about":[{"href":"https:\/\/mezcalent.com\/news\/wp-json\/wp\/v2\/types\/post"}],"author":[{"embeddable":true,"href":"https:\/\/mezcalent.com\/news\/wp-json\/wp\/v2\/users\/3"}],"replies":[{"embeddable":true,"href":"https:\/\/mezcalent.com\/news\/wp-json\/wp\/v2\/comments?post=18393"}],"version-history":[{"count":1,"href":"https:\/\/mezcalent.com\/news\/wp-json\/wp\/v2\/posts\/18393\/revisions"}],"predecessor-version":[{"id":18396,"href":"https:\/\/mezcalent.com\/news\/wp-json\/wp\/v2\/posts\/18393\/revisions\/18396"}],"wp:featuredmedia":[{"embeddable":true,"href":"https:\/\/mezcalent.com\/news\/wp-json\/wp\/v2\/media\/18395"}],"wp:attachment":[{"href":"https:\/\/mezcalent.com\/news\/wp-json\/wp\/v2\/media?parent=18393"}],"wp:term":[{"taxonomy":"category","embeddable":true,"href":"https:\/\/mezcalent.com\/news\/wp-json\/wp\/v2\/categories?post=18393"},{"taxonomy":"post_tag","embeddable":true,"href":"https:\/\/mezcalent.com\/news\/wp-json\/wp\/v2\/tags?post=18393"}],"curies":[{"name":"wp","href":"https:\/\/api.w.org\/{rel}","templated":true}]}}