{"id":18439,"date":"2025-12-01T09:03:00","date_gmt":"2025-12-01T15:03:00","guid":{"rendered":"https:\/\/mezcalent.com\/news\/?p=18439"},"modified":"2025-12-01T09:40:24","modified_gmt":"2025-12-01T15:40:24","slug":"a-shakira-solo-le-afectan-las-cosas-de-sus-hijos","status":"publish","type":"post","link":"https:\/\/mezcalent.com\/news\/a-shakira-solo-le-afectan-las-cosas-de-sus-hijos-18439.html","title":{"rendered":"A Shakira s\u00f3lo le afectan las cosas de sus hijos"},"content":{"rendered":"\n<p>01 DIC (MEX) .- Shakira asegura que, despu\u00e9s de las miles de cr\u00edticas que recibi\u00f3 tras su escandalosa separaci\u00f3n de Gerard Piqu\u00e9, ya no hay nada que la pueda inquietar, siempre y cuando nadie se meta con los peque\u00f1os Milan y Sasha.<\/p>\n\n\n\n<p>En una breve charla con los medios durante una visita a Argentina, la cantante destac\u00f3 el papel que sus hijos han cumplido como sus m\u00e1s grandes fuentes de apoyo en todo el proceso y sentenci\u00f3 que, cuando se hable de ellos, ella siempre va a reaccionar.<\/p>\n\n\n\n<p>\u00abLo \u00fanico que me puede desestabilizar es cualquier cosa que tenga que ver con mis hijos, definitivamente ellos son mi punto d\u00e9bil. Lo dem\u00e1s creo que ya lo he pasado todo. Las cosas que m\u00e1s tem\u00ed que me pasaran ya me pasaron y las sobreviv\u00ed cuando pensaba que era muy fr\u00e1gil y que no iba a poder\u00bb, dijo Shakira.<\/p>\n\n\n\n<p>Para finalizar, la colombiana se\u00f1al\u00f3 que los chicos de 12 y 10 a\u00f1os respectivamente son su m\u00e1s grande motivaci\u00f3n para salir adelante d\u00eda tras d\u00eda y siempre procura decirles lo importantes que son para ella y lo mucho que los ama.\u00a0<\/p>\n\n\n\n<p>Fiera Lasa\/Mezcalent.com&nbsp;<\/p>\n\n\n\n<p>Prohibida su reproducci\u00f3n parcial o total. La copia o distribuci\u00f3n no autorizada de este art\u00edculo y su correspondiente imagen infringe los derechos de autor.<\/p>\n","protected":false},"excerpt":{"rendered":"<p>01 DIC (MEX) .- Shakira asegura que, despu\u00e9s de las miles de cr\u00edticas que recibi\u00f3 tras su escandalosa separaci\u00f3n de Gerard Piqu\u00e9, ya no hay nada que la pueda inquietar, siempre y cuando nadie se meta con los peque\u00f1os Milan y Sasha.<\/p>\n","protected":false},"author":3,"featured_media":18441,"comment_status":"closed","ping_status":"closed","sticky":false,"template":"","format":"standard","meta":{"_seopress_robots_primary_cat":"none"},"categories":[1],"tags":[116],"acf":[],"_links":{"self":[{"href":"https:\/\/mezcalent.com\/news\/wp-json\/wp\/v2\/posts\/18439"}],"collection":[{"href":"https:\/\/mezcalent.com\/news\/wp-json\/wp\/v2\/posts"}],"about":[{"href":"https:\/\/mezcalent.com\/news\/wp-json\/wp\/v2\/types\/post"}],"author":[{"embeddable":true,"href":"https:\/\/mezcalent.com\/news\/wp-json\/wp\/v2\/users\/3"}],"replies":[{"embeddable":true,"href":"https:\/\/mezcalent.com\/news\/wp-json\/wp\/v2\/comments?post=18439"}],"version-history":[{"count":1,"href":"https:\/\/mezcalent.com\/news\/wp-json\/wp\/v2\/posts\/18439\/revisions"}],"predecessor-version":[{"id":18442,"href":"https:\/\/mezcalent.com\/news\/wp-json\/wp\/v2\/posts\/18439\/revisions\/18442"}],"wp:featuredmedia":[{"embeddable":true,"href":"https:\/\/mezcalent.com\/news\/wp-json\/wp\/v2\/media\/18441"}],"wp:attachment":[{"href":"https:\/\/mezcalent.com\/news\/wp-json\/wp\/v2\/media?parent=18439"}],"wp:term":[{"taxonomy":"category","embeddable":true,"href":"https:\/\/mezcalent.com\/news\/wp-json\/wp\/v2\/categories?post=18439"},{"taxonomy":"post_tag","embeddable":true,"href":"https:\/\/mezcalent.com\/news\/wp-json\/wp\/v2\/tags?post=18439"}],"curies":[{"name":"wp","href":"https:\/\/api.w.org\/{rel}","templated":true}]}}