{"id":18443,"date":"2025-12-01T09:06:00","date_gmt":"2025-12-01T15:06:00","guid":{"rendered":"https:\/\/mezcalent.com\/news\/?p=18443"},"modified":"2025-12-01T09:41:40","modified_gmt":"2025-12-01T15:41:40","slug":"alejandro-sanz-prepara-un-musical-con-sus-canciones","status":"publish","type":"post","link":"https:\/\/mezcalent.com\/news\/alejandro-sanz-prepara-un-musical-con-sus-canciones-18443.html","title":{"rendered":"Alejandro Sanz prepara un musical con sus canciones"},"content":{"rendered":"\n<p>01 DIC (MEX) .- Alejandro Sanz se encuentra en uno de sus mejores momentos a nivel profesional gracias al \u00e9xito que ha tenido con su gira \u00ab\u00bfY Ahora Qu\u00e9?\u00bb y revela que est\u00e1 en los preparativos de un nuevo proyecto que, espera, sea del agrado del p\u00fablico.<\/p>\n\n\n\n<p>En una charla con los medios en Madrid, en donde recibi\u00f3 un reconocimiento por su compromiso con el futuro del planeta, el cantante dio a conocer que realizar\u00e1 una obra de teatro que incluir\u00e1 varios de sus m\u00e1s grandes \u00e9xitos.<\/p>\n\n\n\n<p>\u00abHay un proyecto de un musical que saldr\u00e1 pronto, no sabemos todav\u00eda cu\u00e1ndo, pero llevamos casi dos a\u00f1os trabajando en \u00e9l. Estuve en las dos lecturas y ahora empezamos ya con los castings para elegir al elenco. La verdad que est\u00e1 precioso, pero lo que s\u00ed les puedo decir es que, aunque es con mis canciones, no es mi historia\u00bb, dijo Alejandro.<\/p>\n\n\n\n<p>En otros temas, el espa\u00f1ol se mostr\u00f3 muy entusiasmado de que su hija Manuela est\u00e9 en los inicios de su carrera musical y revel\u00f3 que ha comenzado a componer algunos temas al lado de Ram\u00f3n Fern\u00e1ndez, nieto de don Vicente Fern\u00e1ndez.<\/p>\n\n\n\n<p>Fiera Lasa\/Mezcalent.com&nbsp;<\/p>\n\n\n\n<p>Prohibida su reproducci\u00f3n parcial o total. La copia o distribuci\u00f3n no autorizada de este art\u00edculo y su correspondiente imagen infringe los derechos de autor.<\/p>\n","protected":false},"excerpt":{"rendered":"<p>01 DIC (MEX) .- Alejandro Sanz se encuentra en uno de sus mejores momentos a nivel profesional gracias al \u00e9xito que ha tenido con su gira &quot;\u00bfY Ahora Qu\u00e9?&quot; y revela que est\u00e1 en los preparativos de un nuevo proyecto que, espera, sea del agrado del p\u00fablico.<\/p>\n","protected":false},"author":3,"featured_media":18445,"comment_status":"closed","ping_status":"closed","sticky":false,"template":"","format":"standard","meta":{"_seopress_robots_primary_cat":"none"},"categories":[1],"tags":[341],"acf":[],"_links":{"self":[{"href":"https:\/\/mezcalent.com\/news\/wp-json\/wp\/v2\/posts\/18443"}],"collection":[{"href":"https:\/\/mezcalent.com\/news\/wp-json\/wp\/v2\/posts"}],"about":[{"href":"https:\/\/mezcalent.com\/news\/wp-json\/wp\/v2\/types\/post"}],"author":[{"embeddable":true,"href":"https:\/\/mezcalent.com\/news\/wp-json\/wp\/v2\/users\/3"}],"replies":[{"embeddable":true,"href":"https:\/\/mezcalent.com\/news\/wp-json\/wp\/v2\/comments?post=18443"}],"version-history":[{"count":1,"href":"https:\/\/mezcalent.com\/news\/wp-json\/wp\/v2\/posts\/18443\/revisions"}],"predecessor-version":[{"id":18446,"href":"https:\/\/mezcalent.com\/news\/wp-json\/wp\/v2\/posts\/18443\/revisions\/18446"}],"wp:featuredmedia":[{"embeddable":true,"href":"https:\/\/mezcalent.com\/news\/wp-json\/wp\/v2\/media\/18445"}],"wp:attachment":[{"href":"https:\/\/mezcalent.com\/news\/wp-json\/wp\/v2\/media?parent=18443"}],"wp:term":[{"taxonomy":"category","embeddable":true,"href":"https:\/\/mezcalent.com\/news\/wp-json\/wp\/v2\/categories?post=18443"},{"taxonomy":"post_tag","embeddable":true,"href":"https:\/\/mezcalent.com\/news\/wp-json\/wp\/v2\/tags?post=18443"}],"curies":[{"name":"wp","href":"https:\/\/api.w.org\/{rel}","templated":true}]}}