{"id":18541,"date":"2025-12-10T09:39:00","date_gmt":"2025-12-10T15:39:00","guid":{"rendered":"https:\/\/mezcalent.com\/news\/?p=18541"},"modified":"2025-12-10T10:02:31","modified_gmt":"2025-12-10T16:02:31","slug":"shakira-canta-con-gustavo-cerati-desde-el-mas-alla","status":"publish","type":"post","link":"https:\/\/mezcalent.com\/news\/shakira-canta-con-gustavo-cerati-desde-el-mas-alla-18541.html","title":{"rendered":"Shakira canta con Gustavo Cerati desde el m\u00e1s all\u00e1"},"content":{"rendered":"\n<p>10 DIC (MEX) .- A lo largo de su gira \u00abLas Mujeres Ya No Lloran\u00bb, Shakira ha sorprendido a sus seguidores con varias colaboraciones; sin embargo, la m\u00e1s especial de ellas se dio durante su m\u00e1s reciente show en Argentina.<\/p>\n\n\n\n<p>A trav\u00e9s de su cuenta de Instagram, la cantante comparti\u00f3 un video del momento en el que, gracias a la tecnolog\u00eda, pudo interpretar el tema \u00abD\u00eda Especial\u00bb al lado de Gustavo Cerati, quien falleci\u00f3 en el 2014 tras sufrir un accidente cerebrovascular.<\/p>\n\n\n\n<p>\u00abYo ten\u00eda un amigo al que nunca olvidar\u00e9 y que siempre que estuvimos juntos me hizo sentir que era un d\u00eda especial y por eso nuestra amistad durar\u00e1 para siempre\u00bb, escribi\u00f3 Shakira al pie del corto que ya cuenta con casi medio mill\u00f3n de reproducciones.<\/p>\n\n\n\n<p>Como era de esperarse, la publicaci\u00f3n de la colombiana se llen\u00f3 de comentarios de sus fans, pero sin duda uno de los m\u00e1s emotivos fue el de Laura Cerati, hermana de Gustavo, quien asegur\u00f3 que el cantante tambi\u00e9n se sent\u00eda especial cuando estaba con la artista.<\/p>\n\n\n\n<p>Fiera Lasa\/Mezcalent.com&nbsp;<\/p>\n\n\n\n<p>Prohibida su reproducci\u00f3n parcial o total. La copia o distribuci\u00f3n no autorizada de este art\u00edculo y su correspondiente imagen infringe los derechos de autor.<\/p>\n","protected":false},"excerpt":{"rendered":"<p>10 DIC (MEX) .- A lo largo de su gira &quot;Las Mujeres Ya No Lloran&quot;, Shakira ha sorprendido a sus seguidores con varias colaboraciones; sin embargo, la m\u00e1s especial de ellas se dio durante su m\u00e1s reciente show en Argentina.<\/p>\n","protected":false},"author":3,"featured_media":18543,"comment_status":"closed","ping_status":"closed","sticky":false,"template":"","format":"standard","meta":{"_seopress_robots_primary_cat":"none"},"categories":[1],"tags":[279,116],"acf":[],"_links":{"self":[{"href":"https:\/\/mezcalent.com\/news\/wp-json\/wp\/v2\/posts\/18541"}],"collection":[{"href":"https:\/\/mezcalent.com\/news\/wp-json\/wp\/v2\/posts"}],"about":[{"href":"https:\/\/mezcalent.com\/news\/wp-json\/wp\/v2\/types\/post"}],"author":[{"embeddable":true,"href":"https:\/\/mezcalent.com\/news\/wp-json\/wp\/v2\/users\/3"}],"replies":[{"embeddable":true,"href":"https:\/\/mezcalent.com\/news\/wp-json\/wp\/v2\/comments?post=18541"}],"version-history":[{"count":1,"href":"https:\/\/mezcalent.com\/news\/wp-json\/wp\/v2\/posts\/18541\/revisions"}],"predecessor-version":[{"id":18544,"href":"https:\/\/mezcalent.com\/news\/wp-json\/wp\/v2\/posts\/18541\/revisions\/18544"}],"wp:featuredmedia":[{"embeddable":true,"href":"https:\/\/mezcalent.com\/news\/wp-json\/wp\/v2\/media\/18543"}],"wp:attachment":[{"href":"https:\/\/mezcalent.com\/news\/wp-json\/wp\/v2\/media?parent=18541"}],"wp:term":[{"taxonomy":"category","embeddable":true,"href":"https:\/\/mezcalent.com\/news\/wp-json\/wp\/v2\/categories?post=18541"},{"taxonomy":"post_tag","embeddable":true,"href":"https:\/\/mezcalent.com\/news\/wp-json\/wp\/v2\/tags?post=18541"}],"curies":[{"name":"wp","href":"https:\/\/api.w.org\/{rel}","templated":true}]}}