{"id":18561,"date":"2025-12-12T09:42:00","date_gmt":"2025-12-12T15:42:00","guid":{"rendered":"https:\/\/mezcalent.com\/news\/?p=18561"},"modified":"2025-12-12T10:13:52","modified_gmt":"2025-12-12T16:13:52","slug":"eugenio-derbez-explica-por-que-aislinn-entro-en-crisis","status":"publish","type":"post","link":"https:\/\/mezcalent.com\/news\/eugenio-derbez-explica-por-que-aislinn-entro-en-crisis-18561.html","title":{"rendered":"Eugenio Derbez explica por qu\u00e9 Aislinn entr\u00f3 en crisis"},"content":{"rendered":"\n<p>12 DIC (MEX) .- Luego de que hace un par de d\u00edas Aislinn Derbez preocupara a sus fans al compartir en sus redes sociales una fotograf\u00eda en la que aparece con suero, ahora es Eugenio Derbez quien comparte qu\u00e9 fue lo que le ocurri\u00f3.<\/p>\n\n\n\n<p>En un encuentro con la prensa, el comediante se\u00f1al\u00f3 que el c\u00famulo de emociones tras la muerte de su madre y una operaci\u00f3n que no hab\u00eda querido hacerse, hizo que el cuerpo de su hija colapsara y tuviera que ser hospitalizada de emergencia.<\/p>\n\n\n\n<p>\u00abSon muchas cosas que le han pasado, adem\u00e1s de lo del fallecimiento de su mam\u00e1, pero yo acabo de hablar con ella y est\u00e1 bastante tranquila. Quiero aclarar que ella est\u00e1 bien, para que sus fans no se espanten\u00bb, dijo Eugenio.<\/p>\n\n\n\n<p>Para finalizar, el humorista asegur\u00f3 que tanto \u00e9l como los hermanos de Aislinn est\u00e1n al pendiente de ella en todo momento y la han acompa\u00f1ado en estos dif\u00edciles momentos. Asimismo, revel\u00f3 que pasar\u00e1n juntos las fiestas decembrinas.&nbsp;<\/p>\n\n\n\n<p>Fiera Lasa\/Mezcalent.com&nbsp;<\/p>\n\n\n\n<p>Prohibida su reproducci\u00f3n parcial o total. La copia o distribuci\u00f3n no autorizada de este art\u00edculo y su correspondiente imagen infringe los derechos de autor.<\/p>\n","protected":false},"excerpt":{"rendered":"<p>12 DIC (MEX) .- Luego de que hace un par de d\u00edas Aislinn Derbez preocupara a sus fans al compartir en sus redes sociales una fotograf\u00eda en la que aparece con suero, ahora es Eugenio Derbez quien comparte qu\u00e9 fue lo que le ocurri\u00f3.<\/p>\n","protected":false},"author":3,"featured_media":18564,"comment_status":"closed","ping_status":"closed","sticky":false,"template":"","format":"standard","meta":{"_seopress_robots_primary_cat":"none"},"categories":[1],"tags":[158,82],"acf":[],"_links":{"self":[{"href":"https:\/\/mezcalent.com\/news\/wp-json\/wp\/v2\/posts\/18561"}],"collection":[{"href":"https:\/\/mezcalent.com\/news\/wp-json\/wp\/v2\/posts"}],"about":[{"href":"https:\/\/mezcalent.com\/news\/wp-json\/wp\/v2\/types\/post"}],"author":[{"embeddable":true,"href":"https:\/\/mezcalent.com\/news\/wp-json\/wp\/v2\/users\/3"}],"replies":[{"embeddable":true,"href":"https:\/\/mezcalent.com\/news\/wp-json\/wp\/v2\/comments?post=18561"}],"version-history":[{"count":2,"href":"https:\/\/mezcalent.com\/news\/wp-json\/wp\/v2\/posts\/18561\/revisions"}],"predecessor-version":[{"id":18565,"href":"https:\/\/mezcalent.com\/news\/wp-json\/wp\/v2\/posts\/18561\/revisions\/18565"}],"wp:featuredmedia":[{"embeddable":true,"href":"https:\/\/mezcalent.com\/news\/wp-json\/wp\/v2\/media\/18564"}],"wp:attachment":[{"href":"https:\/\/mezcalent.com\/news\/wp-json\/wp\/v2\/media?parent=18561"}],"wp:term":[{"taxonomy":"category","embeddable":true,"href":"https:\/\/mezcalent.com\/news\/wp-json\/wp\/v2\/categories?post=18561"},{"taxonomy":"post_tag","embeddable":true,"href":"https:\/\/mezcalent.com\/news\/wp-json\/wp\/v2\/tags?post=18561"}],"curies":[{"name":"wp","href":"https:\/\/api.w.org\/{rel}","templated":true}]}}