{"id":18898,"date":"2026-01-20T09:39:00","date_gmt":"2026-01-20T15:39:00","guid":{"rendered":"https:\/\/mezcalent.com\/news\/?p=18898"},"modified":"2026-01-20T10:20:26","modified_gmt":"2026-01-20T16:20:26","slug":"gloria-trevi-revela-que-sufrio-paralisis-facial","status":"publish","type":"post","link":"https:\/\/mezcalent.com\/news\/gloria-trevi-revela-que-sufrio-paralisis-facial-18898.html","title":{"rendered":"Gloria Trevi revela que sufri\u00f3 par\u00e1lisis facial"},"content":{"rendered":"\n<p>20 ENE (MEX) .- Gloria Trevi confiesa que nunca le ha gustado preocupar a sus fan\u00e1ticos si le sucede algo, pues para ella lo m\u00e1s importante es dar una buena imagen p\u00fablica; sin embargo, revela que hace poco sobrellev\u00f3 una fuerte crisis de salud.<\/p>\n\n\n\n<p>En entrevista para el podcast \u00abChingona Mente\u00bb, la cantante dio a conocer que, debido a la fuerte carga de trabajo que ha tenido, sufri\u00f3 una par\u00e1lisis facial, la cual mantuvo en secreto para poder cumplir sus compromisos profesionales.<\/p>\n\n\n\n<p>\u00abEsto es algo que no hab\u00eda compartido con nadie, pero hace como dos meses tuve un episodio de par\u00e1lisis facial. Ya casi no se me nota.<strong>&nbsp;<\/strong>Estaba agotada f\u00edsicamente y luego tuve una impresi\u00f3n fuerte, haz de cuenta que la sangre se me dispar\u00f3 y eso me provoc\u00f3 que el m\u00fasculo se tensara y que perdiera movimiento un lado de la cara. Se me hac\u00eda la sonrisa para abajo, pero fue muy leve\u00bb, dijo Gloria.&nbsp;<\/p>\n\n\n\n<p>Para finalizar, la int\u00e9rprete de \u00abPelo Suelto\u00bb se\u00f1al\u00f3 que, tras percatarse de los s\u00edntomas, acudi\u00f3 a realizarse diversos estudios m\u00e9dicos y consigui\u00f3 el tratamiento adecuado para poder regresar a sus actividades cotidianas.<\/p>\n\n\n\n<p>Fiera Lasa\/Mezcalent.com&nbsp;<\/p>\n\n\n\n<p>Prohibida su reproducci\u00f3n parcial o total. La copia o distribuci\u00f3n no autorizada de este art\u00edculo y su correspondiente imagen infringe los derechos de autor.<\/p>\n","protected":false},"excerpt":{"rendered":"<p>20 ENE (MEX) .- Gloria Trevi confiesa que nunca le ha gustado preocupar a sus fan\u00e1ticos si le sucede algo, pues para ella lo m\u00e1s importante es dar una buena imagen p\u00fablica; sin embargo, revela que hace poco sobrellev\u00f3 una fuerte crisis de salud.<\/p>\n","protected":false},"author":3,"featured_media":18900,"comment_status":"closed","ping_status":"closed","sticky":false,"template":"","format":"standard","meta":{"_seopress_robots_primary_cat":"none"},"categories":[1],"tags":[103],"acf":[],"_links":{"self":[{"href":"https:\/\/mezcalent.com\/news\/wp-json\/wp\/v2\/posts\/18898"}],"collection":[{"href":"https:\/\/mezcalent.com\/news\/wp-json\/wp\/v2\/posts"}],"about":[{"href":"https:\/\/mezcalent.com\/news\/wp-json\/wp\/v2\/types\/post"}],"author":[{"embeddable":true,"href":"https:\/\/mezcalent.com\/news\/wp-json\/wp\/v2\/users\/3"}],"replies":[{"embeddable":true,"href":"https:\/\/mezcalent.com\/news\/wp-json\/wp\/v2\/comments?post=18898"}],"version-history":[{"count":2,"href":"https:\/\/mezcalent.com\/news\/wp-json\/wp\/v2\/posts\/18898\/revisions"}],"predecessor-version":[{"id":18902,"href":"https:\/\/mezcalent.com\/news\/wp-json\/wp\/v2\/posts\/18898\/revisions\/18902"}],"wp:featuredmedia":[{"embeddable":true,"href":"https:\/\/mezcalent.com\/news\/wp-json\/wp\/v2\/media\/18900"}],"wp:attachment":[{"href":"https:\/\/mezcalent.com\/news\/wp-json\/wp\/v2\/media?parent=18898"}],"wp:term":[{"taxonomy":"category","embeddable":true,"href":"https:\/\/mezcalent.com\/news\/wp-json\/wp\/v2\/categories?post=18898"},{"taxonomy":"post_tag","embeddable":true,"href":"https:\/\/mezcalent.com\/news\/wp-json\/wp\/v2\/tags?post=18898"}],"curies":[{"name":"wp","href":"https:\/\/api.w.org\/{rel}","templated":true}]}}