{"id":18935,"date":"2026-01-23T09:31:00","date_gmt":"2026-01-23T15:31:00","guid":{"rendered":"https:\/\/mezcalent.com\/news\/?p=18935"},"modified":"2026-01-23T09:47:51","modified_gmt":"2026-01-23T15:47:51","slug":"hijo-de-imelda-tunon-sufre-de-apego-emocional","status":"publish","type":"post","link":"https:\/\/mezcalent.com\/news\/hijo-de-imelda-tunon-sufre-de-apego-emocional-18935.html","title":{"rendered":"Hijo de Imelda Tu\u00f1\u00f3n sufre de apego emocional"},"content":{"rendered":"\n<p>23 ENE (MEX) .- Luego de que hace un par de d\u00edas Imelda Tu\u00f1\u00f3n estallara en contra de Maribel Guardia al recordar su pleito legal por la custodia de su hijo Jos\u00e9 Juli\u00e1n, ahora revela que el nene qued\u00f3 con secuelas psicol\u00f3gicas.<\/p>\n\n\n\n<p>Mediante una din\u00e1mica de preguntas y respuestas que realiz\u00f3 en Instagram, la viuda de Juli\u00e1n Figueroa revel\u00f3 que, a un a\u00f1o de que su abuela se lo llevara de su escuela, el ni\u00f1o de 8 a\u00f1os no soporta separarse mucho tiempo de ella.<\/p>\n\n\n\n<p>\u00abLo \u00fanico que tiene es una cosa que se llama apego emocional ansioso.<strong>&nbsp;<\/strong>Ya sali\u00f3 un dictamen en donde se corrobora que esto fue a consecuencia de los hechos provocados por la contraparte. Yo no voy a hacer p\u00fablico el documento, ya despu\u00e9s si sale por otras razones, pues no fui yo\u00bb, dijo Imelda a la pregunta de si Jos\u00e9 Juli\u00e1n qued\u00f3 con secuelas tras el esc\u00e1ndalo.&nbsp;<\/p>\n\n\n\n<p>Para finalizar, la joven revel\u00f3 que ha sabido manejar la condici\u00f3n del peque\u00f1o en su d\u00eda a d\u00eda, pues duerme con ella diario y siempre le avisa cuando va a salir a alg\u00fan lugar para evitar que se ponga nervioso.<\/p>\n\n\n\n<p>Fiera Lasa\/Mezcalent.com&nbsp;<\/p>\n\n\n\n<p>Prohibida su reproducci\u00f3n parcial o total. La copia o distribuci\u00f3n no autorizada de este art\u00edculo y su correspondiente imagen infringe los derechos de autor.<\/p>\n","protected":false},"excerpt":{"rendered":"<p>23 ENE (MEX) .- Luego de que hace un par de d\u00edas Imelda Tu\u00f1\u00f3n estallara en contra de Maribel Guardia al recordar su pleito legal por la custodia de su hijo Jos\u00e9 Juli\u00e1n, ahora revela que el nene qued\u00f3 con secuelas psicol\u00f3gicas.<\/p>\n","protected":false},"author":3,"featured_media":18937,"comment_status":"closed","ping_status":"closed","sticky":false,"template":"","format":"standard","meta":{"_seopress_robots_primary_cat":"none"},"categories":[1],"tags":[1042],"acf":[],"_links":{"self":[{"href":"https:\/\/mezcalent.com\/news\/wp-json\/wp\/v2\/posts\/18935"}],"collection":[{"href":"https:\/\/mezcalent.com\/news\/wp-json\/wp\/v2\/posts"}],"about":[{"href":"https:\/\/mezcalent.com\/news\/wp-json\/wp\/v2\/types\/post"}],"author":[{"embeddable":true,"href":"https:\/\/mezcalent.com\/news\/wp-json\/wp\/v2\/users\/3"}],"replies":[{"embeddable":true,"href":"https:\/\/mezcalent.com\/news\/wp-json\/wp\/v2\/comments?post=18935"}],"version-history":[{"count":3,"href":"https:\/\/mezcalent.com\/news\/wp-json\/wp\/v2\/posts\/18935\/revisions"}],"predecessor-version":[{"id":18946,"href":"https:\/\/mezcalent.com\/news\/wp-json\/wp\/v2\/posts\/18935\/revisions\/18946"}],"wp:featuredmedia":[{"embeddable":true,"href":"https:\/\/mezcalent.com\/news\/wp-json\/wp\/v2\/media\/18937"}],"wp:attachment":[{"href":"https:\/\/mezcalent.com\/news\/wp-json\/wp\/v2\/media?parent=18935"}],"wp:term":[{"taxonomy":"category","embeddable":true,"href":"https:\/\/mezcalent.com\/news\/wp-json\/wp\/v2\/categories?post=18935"},{"taxonomy":"post_tag","embeddable":true,"href":"https:\/\/mezcalent.com\/news\/wp-json\/wp\/v2\/tags?post=18935"}],"curies":[{"name":"wp","href":"https:\/\/api.w.org\/{rel}","templated":true}]}}