{"id":18940,"date":"2026-01-23T09:33:00","date_gmt":"2026-01-23T15:33:00","guid":{"rendered":"https:\/\/mezcalent.com\/news\/?p=18940"},"modified":"2026-01-23T09:44:55","modified_gmt":"2026-01-23T15:44:55","slug":"hijos-de-eduardo-capetillo-lloran-la-muerte-de-su-abuela","status":"publish","type":"post","link":"https:\/\/mezcalent.com\/news\/hijos-de-eduardo-capetillo-lloran-la-muerte-de-su-abuela-18940.html","title":{"rendered":"Hijos de Eduardo Capetillo lloran la muerte de su abuela"},"content":{"rendered":"\n<p>23 ENE (MEX) .- Luego de que ayer se anunciara el fallecimiento de la madre de Eduardo Capetillo, el actor no ha expresado p\u00fablicamente su sentir; sin embargo, dos de sus hijos s\u00ed lo hicieron a trav\u00e9s de sus redes sociales.<\/p>\n\n\n\n<p>Eduardo Jr. y Alejandra utilizaron sus Instagram Stories para compartir los recuerdos m\u00e1s especiales que tuvieron al lado de do\u00f1a Mar\u00eda del Carmen V\u00e1zquez Alcaide. El joven coloc\u00f3 una fotograf\u00eda con ella y la chica un video pein\u00e1ndola.<\/p>\n\n\n\n<p>\u00abC\u00f3mo te voy a extra\u00f1ar\u00bb, escribi\u00f3 Lalo al pie de la instant\u00e1nea. Por su parte, Ale poste\u00f3 \u00abQu\u00e9 fuerte pensar que Dios nos regal\u00f3 d\u00edas hermosos para despedirnos sin imaginar que era la despedida. Hoy me duele el alma, mi yeya se fue\u00bb.\u00a0<\/p>\n\n\n\n<p>Cabe resaltar que la joven ten\u00eda una relaci\u00f3n sumamente estrecha con su abuela, pues utiliz\u00f3 una mantilla suya en su boda y recientemente public\u00f3 un video en el que le hace una emotiva entrevista en la que la se\u00f1ora asegura que se parecen mucho.<\/p>\n\n\n\n<p>Fiera Lasa\/Mezcalent.com&nbsp;<\/p>\n\n\n\n<p>Prohibida su reproducci\u00f3n parcial o total. La copia o distribuci\u00f3n no autorizada de este art\u00edculo y su correspondiente imagen infringe los derechos de autor.<\/p>\n","protected":false},"excerpt":{"rendered":"<p>23 ENE (MEX) .- Luego de que ayer se anunciara el fallecimiento de la madre de Eduardo Capetillo, el actor no ha expresado p\u00fablicamente su sentir; sin embargo, dos de sus hijos s\u00ed lo hicieron a trav\u00e9s de sus redes sociales.<\/p>\n","protected":false},"author":3,"featured_media":18943,"comment_status":"closed","ping_status":"closed","sticky":false,"template":"","format":"standard","meta":{"_seopress_robots_primary_cat":"none"},"categories":[1],"tags":[1458,1142],"acf":[],"_links":{"self":[{"href":"https:\/\/mezcalent.com\/news\/wp-json\/wp\/v2\/posts\/18940"}],"collection":[{"href":"https:\/\/mezcalent.com\/news\/wp-json\/wp\/v2\/posts"}],"about":[{"href":"https:\/\/mezcalent.com\/news\/wp-json\/wp\/v2\/types\/post"}],"author":[{"embeddable":true,"href":"https:\/\/mezcalent.com\/news\/wp-json\/wp\/v2\/users\/3"}],"replies":[{"embeddable":true,"href":"https:\/\/mezcalent.com\/news\/wp-json\/wp\/v2\/comments?post=18940"}],"version-history":[{"count":2,"href":"https:\/\/mezcalent.com\/news\/wp-json\/wp\/v2\/posts\/18940\/revisions"}],"predecessor-version":[{"id":18944,"href":"https:\/\/mezcalent.com\/news\/wp-json\/wp\/v2\/posts\/18940\/revisions\/18944"}],"wp:featuredmedia":[{"embeddable":true,"href":"https:\/\/mezcalent.com\/news\/wp-json\/wp\/v2\/media\/18943"}],"wp:attachment":[{"href":"https:\/\/mezcalent.com\/news\/wp-json\/wp\/v2\/media?parent=18940"}],"wp:term":[{"taxonomy":"category","embeddable":true,"href":"https:\/\/mezcalent.com\/news\/wp-json\/wp\/v2\/categories?post=18940"},{"taxonomy":"post_tag","embeddable":true,"href":"https:\/\/mezcalent.com\/news\/wp-json\/wp\/v2\/tags?post=18940"}],"curies":[{"name":"wp","href":"https:\/\/api.w.org\/{rel}","templated":true}]}}