{"id":19411,"date":"2026-03-12T09:43:00","date_gmt":"2026-03-12T15:43:00","guid":{"rendered":"https:\/\/mezcalent.com\/news\/?p=19411"},"modified":"2026-03-12T10:04:52","modified_gmt":"2026-03-12T16:04:52","slug":"fernanda-castillo-comparte-testimonio-de-nino-en-guerra","status":"publish","type":"post","link":"https:\/\/mezcalent.com\/news\/fernanda-castillo-comparte-testimonio-de-nino-en-guerra-19411.html","title":{"rendered":"Fernanda Castillo comparte testimonio de ni\u00f1o en guerra"},"content":{"rendered":"\n<p>12 MAR (MEX) .- Desde que comenz\u00f3 la guerra de Israel hace m\u00e1s de un a\u00f1o, Fernanda Castillo ha compartido algunas im\u00e1genes en las que expresa su preocupaci\u00f3n por todos los menores de edad que han resultado afectados y ahora se ha puesto en la piel de uno de ellos para concientizar sobre lo que ocurre.<\/p>\n\n\n\n<p>Mediante su cuenta de Instagram, la actriz public\u00f3 un video en el cual ley\u00f3 el testimonio un peque\u00f1ito que fue torturado por las fuerzas del ej\u00e9rcito para ser llevado a un centro de detenci\u00f3n alejado de sus seres queridos.&nbsp;&nbsp;<\/p>\n\n\n\n<p>\u00abMe golpearon frente a mi madre y mis dos hermanas peque\u00f1as, mi madre intent\u00f3 defenderme, pero uno de los soldados la empuj\u00f3 y la tir\u00f3 al suelo. El soldado me lanz\u00f3 contra una mesa de cristal que se hizo a\u00f1icos. Me esposaron y me vendaron los ojos, me metieron en el veh\u00edculo militar y me dejaron tirado en el suelo. No dejaron de agredirme en todo el camino con patadas, el veh\u00edculo iba muy r\u00e1pido y cada vez que pasaba por un bache yo sal\u00eda despedido y golpeaba el suelo que ya ten\u00eda mi sangre\u00bb, narr\u00f3 Fernanda.<\/p>\n\n\n\n<p>Para finalizar, la actriz se cuestion\u00f3 sobre el momento en el que se perdi\u00f3 la humanidad y se permiti\u00f3 que miles de ni\u00f1os sean torturados y masacrados en el conflicto armado. Asimismo, se\u00f1al\u00f3 que es responsabilidad de los adultos cuidarlos y defenderlos<\/p>\n\n\n\n<p>Fiera Lasa\/Mezcalent.com&nbsp;<\/p>\n\n\n\n<p>Prohibida su reproducci\u00f3n parcial o total. La copia o distribuci\u00f3n no autorizada de este art\u00edculo y su correspondiente imagen infringe los derechos de autor.<\/p>\n","protected":false},"excerpt":{"rendered":"<p>12 MAR (MEX) .- Desde que comenz\u00f3 la guerra de Israel hace m\u00e1s de un a\u00f1o, Fernanda Castillo ha compartido algunas im\u00e1genes en las que expresa su preocupaci\u00f3n por todos los menores de edad que han resultado afectados y ahora se ha puesto en la piel de uno de ellos para concientizar sobre lo que ocurre.<\/p>\n","protected":false},"author":3,"featured_media":19413,"comment_status":"closed","ping_status":"closed","sticky":false,"template":"","format":"standard","meta":{"_seopress_robots_primary_cat":"none"},"categories":[1],"tags":[33],"acf":[],"_links":{"self":[{"href":"https:\/\/mezcalent.com\/news\/wp-json\/wp\/v2\/posts\/19411"}],"collection":[{"href":"https:\/\/mezcalent.com\/news\/wp-json\/wp\/v2\/posts"}],"about":[{"href":"https:\/\/mezcalent.com\/news\/wp-json\/wp\/v2\/types\/post"}],"author":[{"embeddable":true,"href":"https:\/\/mezcalent.com\/news\/wp-json\/wp\/v2\/users\/3"}],"replies":[{"embeddable":true,"href":"https:\/\/mezcalent.com\/news\/wp-json\/wp\/v2\/comments?post=19411"}],"version-history":[{"count":1,"href":"https:\/\/mezcalent.com\/news\/wp-json\/wp\/v2\/posts\/19411\/revisions"}],"predecessor-version":[{"id":19414,"href":"https:\/\/mezcalent.com\/news\/wp-json\/wp\/v2\/posts\/19411\/revisions\/19414"}],"wp:featuredmedia":[{"embeddable":true,"href":"https:\/\/mezcalent.com\/news\/wp-json\/wp\/v2\/media\/19413"}],"wp:attachment":[{"href":"https:\/\/mezcalent.com\/news\/wp-json\/wp\/v2\/media?parent=19411"}],"wp:term":[{"taxonomy":"category","embeddable":true,"href":"https:\/\/mezcalent.com\/news\/wp-json\/wp\/v2\/categories?post=19411"},{"taxonomy":"post_tag","embeddable":true,"href":"https:\/\/mezcalent.com\/news\/wp-json\/wp\/v2\/tags?post=19411"}],"curies":[{"name":"wp","href":"https:\/\/api.w.org\/{rel}","templated":true}]}}