{"id":19417,"date":"2026-03-13T07:23:00","date_gmt":"2026-03-13T13:23:00","guid":{"rendered":"https:\/\/mezcalent.com\/news\/?p=19417"},"modified":"2026-03-13T10:21:41","modified_gmt":"2026-03-13T16:21:41","slug":"video-matias-novoa-anda-sensible-sin-sus-hijos-ni-michelle-renaud","status":"publish","type":"post","link":"https:\/\/mezcalent.com\/news\/video-matias-novoa-anda-sensible-sin-sus-hijos-ni-michelle-renaud-19417.html","title":{"rendered":"VIDEO: Mat\u00edas Novoa anda sensible sin sus hijos ni Michelle Renaud"},"content":{"rendered":"\n<p>13 MAR (MEX) .- Mat\u00edas Novoa regresa a las telenovelas como protagonista de \u00abEl Renacer de Luna\u00bb (TelevisaUnivision), pero confiesa que est\u00e1 atravesando un proceso complicado, pues despu\u00e9s de haber permanecido un largo tiempo enfocado en la paternidad con Milo y Mil\u00e1n, hijos que tuvo al lado de su esposa Michelle Renaud, adem\u00e1s de Marcelo, producto del primer matrimonio de la actriz, ahora ha tenido que viajar largas horas para iniciar las grabaciones de la novela, y es que su familia est\u00e1 viviendo en Madrid.<\/p>\n\n\n\n<p>\u00abTe digo, ando sensible, \u00a1ya no me hablen m\u00e1s de los hijos!<\/p>\n\n\n\n<p>\u00abEs dif\u00edcil, me estoy acostumbrando reci\u00e9n, es la segunda vuelta que tengo (a Madrid) ahora, yo dije &#8216;ya fue la primera (despedida), no creo que sea tan fuerte la segunda&#8217;, pero a\u00fan as\u00ed, me tumb\u00f3. Yo ya les dije a los directores que voy a estar un poco sensible, yo creo, durante el proyecto.<\/p>\n\n\n\n<p>\u00abEstar tanto tiempo junto a ellos, sin despegarme, pues este desprendimiento ha sido fuerte, ha sido un proceso. Creo que todav\u00eda estoy en ese proceso, voy a estar yo creo que unas semanas m\u00e1s, unos meses m\u00e1s.<\/p>\n\n\n\n<figure class=\"wp-block-embed is-type-video is-provider-youtube wp-block-embed-youtube wp-embed-aspect-16-9 wp-has-aspect-ratio\"><div class=\"wp-block-embed__wrapper\">\n<iframe loading=\"lazy\" title=\"Mat\u00edas Novoa anda sensible sin sus hijos y sin Michelle Renaud\" width=\"500\" height=\"281\" src=\"https:\/\/www.youtube.com\/embed\/vRUBkl3xsXo?feature=oembed\" frameborder=\"0\" allow=\"accelerometer; autoplay; clipboard-write; encrypted-media; gyroscope; picture-in-picture; web-share\" referrerpolicy=\"strict-origin-when-cross-origin\" allowfullscreen><\/iframe>\n<\/div><\/figure>\n\n\n\n<p>\u00abPero claro, lo veo por videollamada a Milo o a mi beb\u00e9, a Marcelo, a Michelle y digo &#8216;\u00a1uff! \u00a1qu\u00e9 ganas de estar all\u00e1 y abrazarlos!\u00bb.<\/p>\n\n\n\n<p>El actor chileno ha contado con todo el apoyo de su esposa Michelle Renaud, en este regreso a la actuaci\u00f3n.<\/p>\n\n\n\n<p>\u00abMe apoy\u00f3 desde el principio. Sab\u00eda tambi\u00e9n ella que yo necesitaba trabajar, yo creo que ese lado ya necesitaba llenarlo y bueno, gracias a Dios todo se dio, nos organizamos bien, nos estamos organizando bien y voy a poder estar yendo para all\u00e1\u00bb.<\/p>\n\n\n\n<p>Mat\u00edas indica que no piensan regresar a vivir en M\u00e9xico, porque ya est\u00e1n bien establecidos en Madrid, Espa\u00f1a.<\/p>\n\n\n\n<p>\u00abNo por el momento. Yo estar\u00e9 viajando para all\u00e1 para ver a mis peques y obviamente a mi mujer hermosa, pero estamos ya radicando all\u00e1\u00bb.<\/p>\n\n\n\n<p>Michelle no vendr\u00e1 a M\u00e9xico para estar con \u00e9l, pues tambi\u00e9n ha tenido que viajar para retomar su carrera.<\/p>\n\n\n\n<p>\u00abElla se tuvo que ir a otro lado, pero ya est\u00e1 comenzando tambi\u00e9n de nuevo sus cosas, que es necesario, que lo necesita, pero ah\u00ed apoy\u00e1ndola a todo\u00bb.<\/p>\n\n\n\n<p>Ya no tienen planes de tener m\u00e1s hijos, pues consideran que la familia est\u00e1 completa.<\/p>\n\n\n\n<p>\u00ab\u00a1Much\u00edsimos m\u00e1s! No, no, yo creo que ya estamos con nuestra camada, ya son bastantes, yo creo que s\u00ed. No voy a decir &#8216;no&#8217;, porque la vida tambi\u00e9n te da sorpresas.<\/p>\n\n\n\n<p>Finalmente, Mat\u00edas dedica este proyecto a todos sus hijos, pero principalmente a Mil\u00e1n, quien tan s\u00f3lo tiene un mes de nacido.<\/p>\n\n\n\n<p>\u00abPues a mis hijos, a todos, a Axel, Marcelo, porque Marcelo ya es como mi hijo, Milo, Mil\u00e1n, que acaba de nacer tambi\u00e9n; yo creo que m\u00e1s a \u00e9l, porque es el m\u00e1s peque\u00f1ito\u00bb.<\/p>\n\n\n\n<p>Erika Uribe y Lalo Carrasco\/MezcalTV<\/p>\n\n\n\n<p>Prohibida su reproducci\u00f3n parcial o total. La copia o distribuci\u00f3n no autorizada de este art\u00edculo y su correspondiente imagen infringe los derechos de autor.<\/p>\n","protected":false},"excerpt":{"rendered":"<p>13 MAR (MEX) .- Mat\u00edas Novoa regresa a las telenovelas como protagonista de &quot;El Renacer de Luna&quot; (TelevisaUnivision), pero confiesa que est\u00e1 atravesando un proceso complicado, pues despu\u00e9s de haber permanecido un largo tiempo enfocado en la paternidad con Milo y Mil\u00e1n, hijos que tuvo al lado de su esposa Michelle Renaud, adem\u00e1s de Marcelo, producto del primer matrimonio de la actriz, ahora ha tenido que viajar largas horas para iniciar las grabaciones de la novela, y es que su familia est\u00e1 viviendo en Madrid.<\/p>\n","protected":false},"author":3,"featured_media":19419,"comment_status":"closed","ping_status":"closed","sticky":false,"template":"","format":"standard","meta":{"_seopress_robots_primary_cat":"none"},"categories":[1],"tags":[445],"acf":[],"_links":{"self":[{"href":"https:\/\/mezcalent.com\/news\/wp-json\/wp\/v2\/posts\/19417"}],"collection":[{"href":"https:\/\/mezcalent.com\/news\/wp-json\/wp\/v2\/posts"}],"about":[{"href":"https:\/\/mezcalent.com\/news\/wp-json\/wp\/v2\/types\/post"}],"author":[{"embeddable":true,"href":"https:\/\/mezcalent.com\/news\/wp-json\/wp\/v2\/users\/3"}],"replies":[{"embeddable":true,"href":"https:\/\/mezcalent.com\/news\/wp-json\/wp\/v2\/comments?post=19417"}],"version-history":[{"count":2,"href":"https:\/\/mezcalent.com\/news\/wp-json\/wp\/v2\/posts\/19417\/revisions"}],"predecessor-version":[{"id":19429,"href":"https:\/\/mezcalent.com\/news\/wp-json\/wp\/v2\/posts\/19417\/revisions\/19429"}],"wp:featuredmedia":[{"embeddable":true,"href":"https:\/\/mezcalent.com\/news\/wp-json\/wp\/v2\/media\/19419"}],"wp:attachment":[{"href":"https:\/\/mezcalent.com\/news\/wp-json\/wp\/v2\/media?parent=19417"}],"wp:term":[{"taxonomy":"category","embeddable":true,"href":"https:\/\/mezcalent.com\/news\/wp-json\/wp\/v2\/categories?post=19417"},{"taxonomy":"post_tag","embeddable":true,"href":"https:\/\/mezcalent.com\/news\/wp-json\/wp\/v2\/tags?post=19417"}],"curies":[{"name":"wp","href":"https:\/\/api.w.org\/{rel}","templated":true}]}}