{"id":19834,"date":"2026-04-27T07:11:00","date_gmt":"2026-04-27T13:11:00","guid":{"rendered":"https:\/\/mezcalent.com\/news\/?p=19834"},"modified":"2026-04-27T10:07:36","modified_gmt":"2026-04-27T16:07:36","slug":"video-michelle-galvan-aqui-entre-tu-y-yo-yo-ya-me-case","status":"publish","type":"post","link":"https:\/\/mezcalent.com\/news\/video-michelle-galvan-aqui-entre-tu-y-yo-yo-ya-me-case-19834.html","title":{"rendered":"VIDEO: Michelle Galv\u00e1n: &#8216;Aqu\u00ed entre t\u00fa y yo&#8230;\u00a1yo ya me cas\u00e9!&#8217;"},"content":{"rendered":"\n<p>27 ABR (MIA) .- Michelle Galv\u00e1n acudi\u00f3 a la gala anual del St Jude Children&#8217;s Hospital acompa\u00f1ada de su pareja y padre del hijo que espera, Andr\u00e9s Asi\u00f3n. La presentadora de \u00abPrimer Impacto\u00bb (TelevisaUnivision) se encuentra en la fase final del embarazo y comparte en exclusiva c\u00f3mo planea tener a su hijo para darle el mejor futuro.<\/p>\n\n\n\n<p>&#8211; Michelle, en poco tiempo tu vida ha cambiado por completo, \u00bfno?<br>S\u00ed, he dado una vuelta de 180 grados, de verdad, me ha cambiado la vida por completo. Ahora voy a ser una mam\u00e1 de un ni\u00f1o y estoy en \u00abshock\u00bb, de verdad en \u00abshock\u00bb. Muy contenta, muy bendecida y muy agradecida con Dios, porque cuando uno cree en los milagros de verdad que todo, todo es posible.<\/p>\n\n\n\n<p>\u00abYo pens\u00e9 que me iba a quedar con Megan y de repente Dios ten\u00eda otro plan para m\u00ed\u00bb.<\/p>\n\n\n\n<figure class=\"wp-block-embed is-type-video is-provider-youtube wp-block-embed-youtube wp-embed-aspect-16-9 wp-has-aspect-ratio\"><div class=\"wp-block-embed__wrapper\">\n<iframe loading=\"lazy\" title=\"Michelle Galvan: &#039;Aqu\u00ed entre t\u00fa y yo... \u00a1yo ya me cas\u00e9!&#039;\" width=\"500\" height=\"281\" src=\"https:\/\/www.youtube.com\/embed\/PAxcp4lLrVM?feature=oembed\" frameborder=\"0\" allow=\"accelerometer; autoplay; clipboard-write; encrypted-media; gyroscope; picture-in-picture; web-share\" referrerpolicy=\"strict-origin-when-cross-origin\" allowfullscreen><\/iframe>\n<\/div><\/figure>\n\n\n\n<p>&#8211; \u00bfC\u00f3mo te sientes en la etapa final del embarazo?<br>Estoy entrando ya al tercer trimestre y me siento enormemente feliz, pero s\u00ed tengo que decirte que me siento muy cansada.<\/p>\n\n\n\n<p>&#8211; \u00bfQu\u00e9 planes tienes para el parto?<br>Ces\u00e1rea, va a tener que ser ces\u00e1rea y la estoy programando con astrolog\u00eda v\u00e9dica. Hemos elegido el d\u00eda de nacimiento con la astrolog\u00eda v\u00e9dica y bueno, espero llegar, espero llegar al 1 de agosto.<\/p>\n\n\n\n<p>&#8211; \u00bfQu\u00e9 es la astrolog\u00eda v\u00e9dica?<br>En \u00abPrimer Impacto\u00bb tenemos un segmento que se llama \u00abEl Poder de la Energ\u00eda\u00bb y a trav\u00e9s de ese segmento he aprendido muchas herramientas espirituales y cient\u00edficas tambi\u00e9n; entonces la astrolog\u00eda v\u00e9dica viene a ser una rama y una astrolog\u00eda m\u00e1s espiritual de la convencional que se conoce, entonces le quiero dar todas las herramientas a mi beb\u00e9 que pueda llegar a tener.<\/p>\n\n\n\n<p>\u00abAs\u00ed que va a ser incre\u00edble, incre\u00edble, y que todos los planetas se le alinean para su futuro\u00bb.<\/p>\n\n\n\n<p>&#8211; \u00bfY tienen planes de boda?<br>Eso se lo preguntas a Andr\u00e9s por favor, aqu\u00ed entre t\u00fa y yo&#8230; pues \u00a1si yo ya me cas\u00e9, jajaja!<\/p>\n","protected":false},"excerpt":{"rendered":"<p>27 ABR (MIA) .- Michelle Galv\u00e1n acudi\u00f3 a la gala anual del St Jude Children&#039;s Hospital acompa\u00f1ada de su pareja y padre del hijo que espera, Andr\u00e9s Asi\u00f3n. La presentadora de &quot;Primer Impacto&quot; (TelevisaUnivision) se encuentra en la fase final del embarazo y comparte en exclusiva c\u00f3mo planea tener a su hijo para darle el mejor futuro.<\/p>\n","protected":false},"author":3,"featured_media":19836,"comment_status":"closed","ping_status":"closed","sticky":false,"template":"","format":"standard","meta":{"_seopress_robots_primary_cat":"none"},"categories":[1],"tags":[193],"acf":[],"_links":{"self":[{"href":"https:\/\/mezcalent.com\/news\/wp-json\/wp\/v2\/posts\/19834"}],"collection":[{"href":"https:\/\/mezcalent.com\/news\/wp-json\/wp\/v2\/posts"}],"about":[{"href":"https:\/\/mezcalent.com\/news\/wp-json\/wp\/v2\/types\/post"}],"author":[{"embeddable":true,"href":"https:\/\/mezcalent.com\/news\/wp-json\/wp\/v2\/users\/3"}],"replies":[{"embeddable":true,"href":"https:\/\/mezcalent.com\/news\/wp-json\/wp\/v2\/comments?post=19834"}],"version-history":[{"count":1,"href":"https:\/\/mezcalent.com\/news\/wp-json\/wp\/v2\/posts\/19834\/revisions"}],"predecessor-version":[{"id":19837,"href":"https:\/\/mezcalent.com\/news\/wp-json\/wp\/v2\/posts\/19834\/revisions\/19837"}],"wp:featuredmedia":[{"embeddable":true,"href":"https:\/\/mezcalent.com\/news\/wp-json\/wp\/v2\/media\/19836"}],"wp:attachment":[{"href":"https:\/\/mezcalent.com\/news\/wp-json\/wp\/v2\/media?parent=19834"}],"wp:term":[{"taxonomy":"category","embeddable":true,"href":"https:\/\/mezcalent.com\/news\/wp-json\/wp\/v2\/categories?post=19834"},{"taxonomy":"post_tag","embeddable":true,"href":"https:\/\/mezcalent.com\/news\/wp-json\/wp\/v2\/tags?post=19834"}],"curies":[{"name":"wp","href":"https:\/\/api.w.org\/{rel}","templated":true}]}}