{"id":19842,"date":"2026-04-27T10:11:34","date_gmt":"2026-04-27T16:11:34","guid":{"rendered":"https:\/\/mezcalent.com\/news\/?p=19842"},"modified":"2026-04-27T10:11:35","modified_gmt":"2026-04-27T16:11:35","slug":"arap-bethke-lanza-libro-infantil","status":"publish","type":"post","link":"https:\/\/mezcalent.com\/news\/arap-bethke-lanza-libro-infantil-19842.html","title":{"rendered":"Arap Bethke lanza libro infantil"},"content":{"rendered":"\n<p>27 ABR (MEX) .- Arap Bethke asegura que la paternidad lo ha cambiado por completo, tan es as\u00ed que finalmente pudo acabar un proyecto que llevaba a\u00f1os postergando y que lo tiene sumamente emocionado y orgulloso.<\/p>\n\n\n\n<p>El actor present\u00f3 oficialmente \u00abPizzly\u00bb, un libro infantil que cuenta la historia de un oso mitad polar y mitad grizzli que comienza la b\u00fasqueda de su propia identidad y resalta los valores de diversidad y amor propio.<\/p>\n\n\n\n<p>\u00abEs un cuanto que ten\u00eda en la cabeza desde hace ya mucho tiempo. Cuando supe que mi esposa estaba embarazada entend\u00ed que era el momento de darle forma para que alg\u00fan d\u00eda se lo pudi\u00e9ramos leer a nuestra hija.\u00a0Ver este proyecto concretado es un logro muy grande para m\u00ed, es algo con lo que siempre so\u00f1\u00e9\u00bb, dijo Arap.<\/p>\n\n\n\n<p>Para finalizar, el histri\u00f3n expres\u00f3 su deseo de que la historia no s\u00f3lo cautive a su hijita Sienna, sino tambi\u00e9n a cientos de ni\u00f1os de todos los lugares del mundo y que sepan que las diferencias no son para avergonzarse, sino para celebrarse.<\/p>\n\n\n\n<p>Fiera Lasa\/Mezcalent.com&nbsp;<\/p>\n\n\n\n<p>Prohibida su reproducci\u00f3n parcial o total. La copia o distribuci\u00f3n no autorizada de este art\u00edculo y su correspondiente imagen infringe los derechos de autor.<\/p>\n","protected":false},"excerpt":{"rendered":"<p>27 ABR (MEX) .- Arap Bethke asegura que la paternidad lo ha cambiado por completo, tan es as\u00ed que finalmente pudo acabar un proyecto que llevaba a\u00f1os postergando y que lo tiene sumamente emocionado y orgulloso.<\/p>\n","protected":false},"author":3,"featured_media":19844,"comment_status":"closed","ping_status":"closed","sticky":false,"template":"","format":"standard","meta":{"_seopress_robots_primary_cat":"none"},"categories":[1],"tags":[277],"acf":[],"_links":{"self":[{"href":"https:\/\/mezcalent.com\/news\/wp-json\/wp\/v2\/posts\/19842"}],"collection":[{"href":"https:\/\/mezcalent.com\/news\/wp-json\/wp\/v2\/posts"}],"about":[{"href":"https:\/\/mezcalent.com\/news\/wp-json\/wp\/v2\/types\/post"}],"author":[{"embeddable":true,"href":"https:\/\/mezcalent.com\/news\/wp-json\/wp\/v2\/users\/3"}],"replies":[{"embeddable":true,"href":"https:\/\/mezcalent.com\/news\/wp-json\/wp\/v2\/comments?post=19842"}],"version-history":[{"count":1,"href":"https:\/\/mezcalent.com\/news\/wp-json\/wp\/v2\/posts\/19842\/revisions"}],"predecessor-version":[{"id":19845,"href":"https:\/\/mezcalent.com\/news\/wp-json\/wp\/v2\/posts\/19842\/revisions\/19845"}],"wp:featuredmedia":[{"embeddable":true,"href":"https:\/\/mezcalent.com\/news\/wp-json\/wp\/v2\/media\/19844"}],"wp:attachment":[{"href":"https:\/\/mezcalent.com\/news\/wp-json\/wp\/v2\/media?parent=19842"}],"wp:term":[{"taxonomy":"category","embeddable":true,"href":"https:\/\/mezcalent.com\/news\/wp-json\/wp\/v2\/categories?post=19842"},{"taxonomy":"post_tag","embeddable":true,"href":"https:\/\/mezcalent.com\/news\/wp-json\/wp\/v2\/tags?post=19842"}],"curies":[{"name":"wp","href":"https:\/\/api.w.org\/{rel}","templated":true}]}}