{"id":19847,"date":"2026-04-28T07:20:00","date_gmt":"2026-04-28T13:20:00","guid":{"rendered":"https:\/\/mezcalent.com\/news\/?p=19847"},"modified":"2026-04-28T08:52:13","modified_gmt":"2026-04-28T14:52:13","slug":"video-fernanda-castillo-se-mete-en-el-personaje-con-limon-y-lavanda","status":"publish","type":"post","link":"https:\/\/mezcalent.com\/news\/video-fernanda-castillo-se-mete-en-el-personaje-con-limon-y-lavanda-19847.html","title":{"rendered":"VIDEO: Fernanda Castillo se mete en el personaje con lim\u00f3n y lavanda"},"content":{"rendered":"\n<p>28 ABR (MIA) .- Fernanda Castillo comparte c\u00f3mo fue la experiencia de interpretar el papel de \u00abFerula Trueba\u00bb en la adaptaci\u00f3n a la pantalla chica de la novela de Isabel Allende, \u00abLa Casa de los Esp\u00edritus\u00bb (Prime Video).<\/p>\n\n\n\n<p>&#8211; \u00bfC\u00f3mo influy\u00f3 en ti el libro de Isabel Allende?<br>Yo me sub\u00ed al avi\u00f3n para ir hacia Chile con el libro en la mano y regres\u00e9 con el libro en la mano y se volvi\u00f3 eso: un mapa incre\u00edble con una conversaci\u00f3n con Isabel. Como decir, &#8216;dame, dame secretos de este personaje, \u00a1diime desde d\u00f3nde puedo abrazarlo!&#8217;.&nbsp;<\/p>\n\n\n\n<p>\u00abYo creo mucho en esa m\u00edstica, en que los personajes te eligen a ti m\u00e1s que t\u00fa elegir. Yo no digo, &#8216;yo voy a estar en ese proyecto&#8217;, siento que los proyectos te eligen y los personajes te eligen porque algo tienes t\u00fa conectado con ese personaje para que te d\u00e9 el permiso de contarlo de alguna manera.&nbsp;<\/p>\n\n\n\n<p>\u00abY hay uno de los detalles que para m\u00ed era importante, por ejemplo, era&#8230; s\u00ed, habla muchas veces de que &#8216;F\u00e9rula&#8217; huele a lavanda y lim\u00f3n a lo largo de toda la historia y entonces yo mand\u00e9 a hacer un perfume que ol\u00eda a lavanda y lim\u00f3n para todo el tiempo tener a Isabel presente y tener a la novela presente\u00bb.<\/p>\n\n\n\n<figure class=\"wp-block-embed is-type-video is-provider-youtube wp-block-embed-youtube wp-embed-aspect-16-9 wp-has-aspect-ratio\"><div class=\"wp-block-embed__wrapper\">\n<iframe loading=\"lazy\" title=\"Fernanda Castillo se mete en su personaje con lim\u00f3n y lavanda\" width=\"500\" height=\"281\" src=\"https:\/\/www.youtube.com\/embed\/BmrWCF3MXX8?feature=oembed\" frameborder=\"0\" allow=\"accelerometer; autoplay; clipboard-write; encrypted-media; gyroscope; picture-in-picture; web-share\" referrerpolicy=\"strict-origin-when-cross-origin\" allowfullscreen><\/iframe>\n<\/div><\/figure>\n\n\n\n<p>&#8211; \u00bfQu\u00e9 es lo que m\u00e1s te impact\u00f3 del personaje?<br>En el caso de &#8216;F\u00e9rula&#8217; me sucedi\u00f3 que empec\u00e9 a dar mucho gracias, a \u00bfdecir cu\u00e1ntas mujeres han tenido que luchar despu\u00e9s de una mujer como &#8216;F\u00e9rula&#8217;, para que el d\u00eda de hoy yo pueda decidir lo que me pongo, a lo que trabajo, si soy madre o no?&nbsp;<\/p>\n\n\n\n<p>\u00abComo todas las decisiones que puedo tomar el d\u00eda de hoy, cu\u00e1ntas mujeres han luchado antes; entonces me hizo como mucha conciencia de eso\u00bb.<\/p>\n\n\n\n<p>&#8211; \u00bfHas vivido alg\u00fan episodio paranormal o de esp\u00edritus?<br>Yo creo en la m\u00edstica. Creo que como latinoamericanos eso es algo que tenemos. Ser latinoamericano tambi\u00e9n tiene que ver estar conectado con una parte con la m\u00edstica.<\/p>\n\n\n\n<p>\u00abCreo que est\u00e1 todo el tiempo, creo que no es paranormal, creo que m\u00e1s bien es extraordinario, pero creo que esa magia est\u00e1 en nosotros y es parte de lo que nos define\u00bb.<\/p>\n\n\n\n<p>Jennifer Garc\u00eda\/MezcalTV<\/p>\n\n\n\n<p>Prohibida su reproducci\u00f3n parcial o total. La copia o distribuci\u00f3n no autorizada de este art\u00edculo y su correspondiente imagen infringe los derechos de autor.<\/p>\n","protected":false},"excerpt":{"rendered":"<p>28 ABR (MIA) .- Fernanda Castillo comparte c\u00f3mo fue la experiencia de interpretar el papel de &quot;Ferula Trueba&quot; en la adaptaci\u00f3n a la pantalla chica de la novela de Isabel Allende, &quot;La Casa de los Esp\u00edritus&quot; (Prime Video).<\/p>\n","protected":false},"author":3,"featured_media":19849,"comment_status":"closed","ping_status":"closed","sticky":false,"template":"","format":"standard","meta":{"_seopress_robots_primary_cat":"none"},"categories":[1],"tags":[33],"acf":[],"_links":{"self":[{"href":"https:\/\/mezcalent.com\/news\/wp-json\/wp\/v2\/posts\/19847"}],"collection":[{"href":"https:\/\/mezcalent.com\/news\/wp-json\/wp\/v2\/posts"}],"about":[{"href":"https:\/\/mezcalent.com\/news\/wp-json\/wp\/v2\/types\/post"}],"author":[{"embeddable":true,"href":"https:\/\/mezcalent.com\/news\/wp-json\/wp\/v2\/users\/3"}],"replies":[{"embeddable":true,"href":"https:\/\/mezcalent.com\/news\/wp-json\/wp\/v2\/comments?post=19847"}],"version-history":[{"count":1,"href":"https:\/\/mezcalent.com\/news\/wp-json\/wp\/v2\/posts\/19847\/revisions"}],"predecessor-version":[{"id":19850,"href":"https:\/\/mezcalent.com\/news\/wp-json\/wp\/v2\/posts\/19847\/revisions\/19850"}],"wp:featuredmedia":[{"embeddable":true,"href":"https:\/\/mezcalent.com\/news\/wp-json\/wp\/v2\/media\/19849"}],"wp:attachment":[{"href":"https:\/\/mezcalent.com\/news\/wp-json\/wp\/v2\/media?parent=19847"}],"wp:term":[{"taxonomy":"category","embeddable":true,"href":"https:\/\/mezcalent.com\/news\/wp-json\/wp\/v2\/categories?post=19847"},{"taxonomy":"post_tag","embeddable":true,"href":"https:\/\/mezcalent.com\/news\/wp-json\/wp\/v2\/tags?post=19847"}],"curies":[{"name":"wp","href":"https:\/\/api.w.org\/{rel}","templated":true}]}}