{"id":19856,"date":"2026-04-28T09:16:00","date_gmt":"2026-04-28T15:16:00","guid":{"rendered":"https:\/\/mezcalent.com\/news\/?p=19856"},"modified":"2026-04-28T09:56:13","modified_gmt":"2026-04-28T15:56:13","slug":"a-alicia-villarreal-le-desespera-la-falta-de-justicia","status":"publish","type":"post","link":"https:\/\/mezcalent.com\/news\/a-alicia-villarreal-le-desespera-la-falta-de-justicia-19856.html","title":{"rendered":"A Alicia Villarreal le desespera la falta de justicia"},"content":{"rendered":"\n<p>28 ABR (MEX) .- Luego de que hace unos d\u00edas sufriera un rev\u00e9s en su demanda en contra de Cruz Mart\u00ednez por violencia intrafamiliar, agresi\u00f3n y robo, Alicia Villarreal confiesa que le decepciona el actuar de las autoridades mexicanas.<\/p>\n\n\n\n<p>En conferencia de prensa para anunciar un concierto en el Auditorio Nacional, la artista asegur\u00f3 que ha aportado todo lo que se necesita para demostrar que ha sido v\u00edctima del l\u00edder de los Kumbia Kings desde hace un tiempo.&nbsp;<\/p>\n\n\n\n<p>\u00abLas leyes son claras, s\u00f3lo que las personas no las ejecutan como debe de ser y es muy desesperante y no nada m\u00e1s para m\u00ed como mujer. He tenido casos que se han acercado conmigo a pedir ayuda.&nbsp;Yo no he hecho nada m\u00e1s que apegarme a los movimientos con pruebas y con todo lo que tengo para demostrar qu\u00e9 pas\u00f3. Se lo dejo a cada quien\u00bb, dijo Alicia con la voz entrecortada.&nbsp;<\/p>\n\n\n\n<p>Para finalizar, la cantante asegur\u00f3 que el trabajo, el apoyo de sus fan\u00e1ticos y el amor de su nueva pareja son los factores m\u00e1s importantes que le han ayudado a mantenerse en un estado de mayor tranquilidad ante esta dif\u00edcil situaci\u00f3n.<\/p>\n\n\n\n<p>Fiera Lasa\/Mezcalent.com&nbsp;<\/p>\n\n\n\n<p>Prohibida su reproducci\u00f3n parcial o total. La copia o distribuci\u00f3n no autorizada de este art\u00edculo y su correspondiente imagen infringe los derechos de autor.<\/p>\n","protected":false},"excerpt":{"rendered":"<p>28 ABR (MEX) .- Luego de que hace unos d\u00edas sufriera un rev\u00e9s en su demanda en contra de Cruz Mart\u00ednez por violencia intrafamiliar, agresi\u00f3n y robo, Alicia Villarreal confiesa que le decepciona el actuar de las autoridades mexicanas.<\/p>\n","protected":false},"author":3,"featured_media":19858,"comment_status":"closed","ping_status":"closed","sticky":false,"template":"","format":"standard","meta":{"_seopress_robots_primary_cat":"none"},"categories":[1],"tags":[1171],"acf":[],"_links":{"self":[{"href":"https:\/\/mezcalent.com\/news\/wp-json\/wp\/v2\/posts\/19856"}],"collection":[{"href":"https:\/\/mezcalent.com\/news\/wp-json\/wp\/v2\/posts"}],"about":[{"href":"https:\/\/mezcalent.com\/news\/wp-json\/wp\/v2\/types\/post"}],"author":[{"embeddable":true,"href":"https:\/\/mezcalent.com\/news\/wp-json\/wp\/v2\/users\/3"}],"replies":[{"embeddable":true,"href":"https:\/\/mezcalent.com\/news\/wp-json\/wp\/v2\/comments?post=19856"}],"version-history":[{"count":1,"href":"https:\/\/mezcalent.com\/news\/wp-json\/wp\/v2\/posts\/19856\/revisions"}],"predecessor-version":[{"id":19859,"href":"https:\/\/mezcalent.com\/news\/wp-json\/wp\/v2\/posts\/19856\/revisions\/19859"}],"wp:featuredmedia":[{"embeddable":true,"href":"https:\/\/mezcalent.com\/news\/wp-json\/wp\/v2\/media\/19858"}],"wp:attachment":[{"href":"https:\/\/mezcalent.com\/news\/wp-json\/wp\/v2\/media?parent=19856"}],"wp:term":[{"taxonomy":"category","embeddable":true,"href":"https:\/\/mezcalent.com\/news\/wp-json\/wp\/v2\/categories?post=19856"},{"taxonomy":"post_tag","embeddable":true,"href":"https:\/\/mezcalent.com\/news\/wp-json\/wp\/v2\/tags?post=19856"}],"curies":[{"name":"wp","href":"https:\/\/api.w.org\/{rel}","templated":true}]}}