{"id":19860,"date":"2026-04-29T07:24:00","date_gmt":"2026-04-29T13:24:00","guid":{"rendered":"https:\/\/mezcalent.com\/news\/?p=19860"},"modified":"2026-04-29T09:16:16","modified_gmt":"2026-04-29T15:16:16","slug":"video-alex-fernandez-es-el-favorito-de-papa-potrillo-no-camila-dice-el","status":"publish","type":"post","link":"https:\/\/mezcalent.com\/news\/video-alex-fernandez-es-el-favorito-de-papa-potrillo-no-camila-dice-el-19860.html","title":{"rendered":"VIDEO: Alex Fern\u00e1ndez es el favorito de pap\u00e1 &#8216;potrillo&#8217;, no Camila (dice \u00e9l)"},"content":{"rendered":"\n<p>29 ABR (MEX) .- Alex Fern\u00e1ndez se nombra el \u00abl\u00edder sindical y abogado\u00bb de su equipo en el programa \u00abJuego de Voces: Hermanos y Rivales\u00bb (TelevisaUnivision), pues asegura que le gusta pelear por lo justo, adem\u00e1s porque sus compa\u00f1eros son muy \u00abcalladitos\u00bb.<\/p>\n\n\n\n<p>\u00abYo soy el l\u00edder sindical de mi equipo, soy el abogado, el m\u00e1nager y aqu\u00ed estamos haciendo el trabajo.<\/p>\n\n\n\n<p>\u00abA veces a m\u00ed me gusta hablar las cosas, no me gusta cuando veo injusticias o veo cosas, a m\u00ed me gusta decir &#8216;\u00bfoye, por qu\u00e9?&#8217;. A veces obviamente hay que &#8216;echarle salsa a los tacos&#8217; para tambi\u00e9n generar m\u00e1s emoci\u00f3n y todo, pero bueno aqu\u00ed mi equipo a veces es muy calladito y todo, por eso yo &#8216;no, a ver aqu\u00ed hubo dos pausas, \u00bfqu\u00e9 est\u00e1 pasando?'\u00bb.<\/p>\n\n\n\n<p>El hijo de Alejandro Fern\u00e1ndez \u00abEl Potrillo\u00bb comparte cu\u00e1l fue el consejo que le dio su pap\u00e1 cuando supo que iba a participar en est\u00e1 nueva temporada de \u00abJuego de Voces\u00bb junto con su hermana Camila.<\/p>\n\n\n\n<p>\u00ab\u00a1Yo soy el favorito, no lo olviden!<\/p>\n\n\n\n<figure class=\"wp-block-embed is-type-video is-provider-youtube wp-block-embed-youtube wp-embed-aspect-16-9 wp-has-aspect-ratio\"><div class=\"wp-block-embed__wrapper\">\n<iframe loading=\"lazy\" title=\"Alex Fern\u00e1ndez es el favorito de pap\u00e1 &#039;Potrillo&#039;, no Camila (dice \u00e9l)\" width=\"500\" height=\"281\" src=\"https:\/\/www.youtube.com\/embed\/birJN7FVH3I?feature=oembed\" frameborder=\"0\" allow=\"accelerometer; autoplay; clipboard-write; encrypted-media; gyroscope; picture-in-picture; web-share\" referrerpolicy=\"strict-origin-when-cross-origin\" allowfullscreen><\/iframe>\n<\/div><\/figure>\n\n\n\n<p>\u00abMe dio un consejo y me lo he tomado demasiado en serio, que fue: &#8216;No te lo tomes en serio&#8217;, ir\u00f3nicamente, &#8216;d\u00e9jate llevar, es un juego, t\u00fa disfruta, divi\u00e9rtete y no te obsesiones, no te forces'\u00bb.<\/p>\n\n\n\n<p>A trav\u00e9s de esta emisi\u00f3n, Alex espera que el p\u00fablico conozca su lado m\u00e1s humano y su verdadera relaci\u00f3n con Camila.<\/p>\n\n\n\n<p>\u00abEst\u00e1 &#8216;padr\u00edsimo&#8217; que la gente nos pueda conocer en la faceta m\u00e1s humana, digamos, no tan art\u00edstica y que nos puedan conocer tambi\u00e9n como hermanos, c\u00f3mo nos llev\u00e1bamos, nuestra relaci\u00f3n. Mucha gente pensaba que no ten\u00edamos tanta relaci\u00f3n, hab\u00eda gente que hasta pensaba que nos llev\u00e1bamos mal y as\u00ed, entonces creo que esto es como un buen programa para mostrar a la gente lo que es\u00bb.<\/p>\n\n\n\n<p>Adem\u00e1s, acostumbran compartir varios juegos en familia y destaca que su hermana es muy competitiva.<\/p>\n\n\n\n<p>\u00abEn la familia jugamos de todo, desde karaoke hasta juegos as\u00ed como los de las Posadas y ese tipo de juegos que son muy divertidos; nos gustan juegos de &nbsp;mesa, de todo, videojuegos.<\/p>\n\n\n\n<p>\u00abCamila tambi\u00e9n es muy competitiva, ah\u00ed donde la ven de &nbsp;&#8216;\u00a1ay, s\u00ed!, yo no rompo un (plato), a m\u00ed no me importa&#8217;, es s\u00faper competitiva tambi\u00e9n\u00bb.<\/p>\n\n\n\n<p>Erika Uribe y Lalo Carrasco\/MezcalTV<\/p>\n\n\n\n<p>Prohibida su reproducci\u00f3n parcial o total. La copia o distribuci\u00f3n no autorizada de este art\u00edculo y su correspondiente imagen infringe los derechos de autor.<\/p>\n","protected":false},"excerpt":{"rendered":"<p>29 ABR (MEX) .- Alex Fern\u00e1ndez se nombra el &quot;l\u00edder sindical y abogado&quot; de su equipo en el programa &quot;Juego de Voces: Hermanos y Rivales&quot; (TelevisaUnivision), pues asegura que le gusta pelear por lo justo, adem\u00e1s porque sus compa\u00f1eros son muy &quot;calladitos&quot;.<\/p>\n","protected":false},"author":3,"featured_media":19862,"comment_status":"closed","ping_status":"closed","sticky":false,"template":"","format":"standard","meta":{"_seopress_robots_primary_cat":"none"},"categories":[1],"tags":[181],"acf":[],"_links":{"self":[{"href":"https:\/\/mezcalent.com\/news\/wp-json\/wp\/v2\/posts\/19860"}],"collection":[{"href":"https:\/\/mezcalent.com\/news\/wp-json\/wp\/v2\/posts"}],"about":[{"href":"https:\/\/mezcalent.com\/news\/wp-json\/wp\/v2\/types\/post"}],"author":[{"embeddable":true,"href":"https:\/\/mezcalent.com\/news\/wp-json\/wp\/v2\/users\/3"}],"replies":[{"embeddable":true,"href":"https:\/\/mezcalent.com\/news\/wp-json\/wp\/v2\/comments?post=19860"}],"version-history":[{"count":2,"href":"https:\/\/mezcalent.com\/news\/wp-json\/wp\/v2\/posts\/19860\/revisions"}],"predecessor-version":[{"id":19865,"href":"https:\/\/mezcalent.com\/news\/wp-json\/wp\/v2\/posts\/19860\/revisions\/19865"}],"wp:featuredmedia":[{"embeddable":true,"href":"https:\/\/mezcalent.com\/news\/wp-json\/wp\/v2\/media\/19862"}],"wp:attachment":[{"href":"https:\/\/mezcalent.com\/news\/wp-json\/wp\/v2\/media?parent=19860"}],"wp:term":[{"taxonomy":"category","embeddable":true,"href":"https:\/\/mezcalent.com\/news\/wp-json\/wp\/v2\/categories?post=19860"},{"taxonomy":"post_tag","embeddable":true,"href":"https:\/\/mezcalent.com\/news\/wp-json\/wp\/v2\/tags?post=19860"}],"curies":[{"name":"wp","href":"https:\/\/api.w.org\/{rel}","templated":true}]}}