{"id":19866,"date":"2026-04-29T09:00:00","date_gmt":"2026-04-29T15:00:00","guid":{"rendered":"https:\/\/mezcalent.com\/news\/?p=19866"},"modified":"2026-04-29T09:19:14","modified_gmt":"2026-04-29T15:19:14","slug":"amanda-miguel-recuerda-la-amistad-de-joan-sebastian-y-diego-verdaguer","status":"publish","type":"post","link":"https:\/\/mezcalent.com\/news\/amanda-miguel-recuerda-la-amistad-de-joan-sebastian-y-diego-verdaguer-19866.html","title":{"rendered":"Amanda Miguel recuerda la amistad de Joan Sebastian y Diego Verdaguer\u00a0"},"content":{"rendered":"\n<p>29 ABR (MEX) .- Amanda Miguel confiesa que a lo largo de su matrimonio y carrera con Diego Verdaguer tuvo la oportunidad de relacionarse con muchos artistas; sin embargo, confiesa que a quien m\u00e1s le tuvieron cari\u00f1o fue a Joan Sebastian.<\/p>\n\n\n\n<p>La cantante sostuvo una emotiva charla con su hija Ana Victoria, quien le cuestion\u00f3 qu\u00e9 famoso era el m\u00e1s sencillo para ella y, sin titubearlo, asegur\u00f3 que el llamado \u00abPoeta Del Pueblo\u00bb y revel\u00f3 que su fallecido esposo ten\u00eda una amistad muy especial con \u00e9l.&nbsp;<\/p>\n\n\n\n<p>\u00abTu pap\u00e1 y Joan eran muy buenos amigos, se quer\u00edan mucho. Diego pensaba mucho en \u00e9l cuando estaba enfermo y dec\u00eda que iba a ir a su casa a darle masajes. En una ocasi\u00f3n tu pap\u00e1 me cont\u00f3 que Joan le dijo \u00abDiego, qu\u00e9 gran alimento me has tra\u00eddo\u00bb y Diego se qued\u00f3 extra\u00f1ado y era el alimento del amor\u00bb, dijo Amanda sin poder contener el llanto.<\/p>\n\n\n\n<p>Por su parte, Ana Victoria destac\u00f3 que lo que m\u00e1s admiraba de Joan era su sensibilidad tanto para componer sus canciones como para mantener su vida privada y admiti\u00f3 que extra\u00f1a cuando conviv\u00edan todos juntos.<\/p>\n\n\n\n<p>Fiera Lasa\/Mezcalent.com&nbsp;<\/p>\n\n\n\n<p>Prohibida su reproducci\u00f3n parcial o total. La copia o distribuci\u00f3n no autorizada de este art\u00edculo y su correspondiente imagen infringe los derechos de autor.<\/p>\n","protected":false},"excerpt":{"rendered":"<p>29 ABR (MEX) .- Amanda Miguel confiesa que a lo largo de su matrimonio y carrera con Diego Verdaguer tuvo la oportunidad de relacionarse con muchos artistas; sin embargo, confiesa que a quien m\u00e1s le tuvieron cari\u00f1o fue a Joan Sebastian.<\/p>\n","protected":false},"author":3,"featured_media":19869,"comment_status":"closed","ping_status":"closed","sticky":false,"template":"","format":"standard","meta":{"_seopress_robots_primary_cat":"none"},"categories":[1],"tags":[805],"acf":[],"_links":{"self":[{"href":"https:\/\/mezcalent.com\/news\/wp-json\/wp\/v2\/posts\/19866"}],"collection":[{"href":"https:\/\/mezcalent.com\/news\/wp-json\/wp\/v2\/posts"}],"about":[{"href":"https:\/\/mezcalent.com\/news\/wp-json\/wp\/v2\/types\/post"}],"author":[{"embeddable":true,"href":"https:\/\/mezcalent.com\/news\/wp-json\/wp\/v2\/users\/3"}],"replies":[{"embeddable":true,"href":"https:\/\/mezcalent.com\/news\/wp-json\/wp\/v2\/comments?post=19866"}],"version-history":[{"count":1,"href":"https:\/\/mezcalent.com\/news\/wp-json\/wp\/v2\/posts\/19866\/revisions"}],"predecessor-version":[{"id":19868,"href":"https:\/\/mezcalent.com\/news\/wp-json\/wp\/v2\/posts\/19866\/revisions\/19868"}],"wp:featuredmedia":[{"embeddable":true,"href":"https:\/\/mezcalent.com\/news\/wp-json\/wp\/v2\/media\/19869"}],"wp:attachment":[{"href":"https:\/\/mezcalent.com\/news\/wp-json\/wp\/v2\/media?parent=19866"}],"wp:term":[{"taxonomy":"category","embeddable":true,"href":"https:\/\/mezcalent.com\/news\/wp-json\/wp\/v2\/categories?post=19866"},{"taxonomy":"post_tag","embeddable":true,"href":"https:\/\/mezcalent.com\/news\/wp-json\/wp\/v2\/tags?post=19866"}],"curies":[{"name":"wp","href":"https:\/\/api.w.org\/{rel}","templated":true}]}}