{"id":19870,"date":"2026-04-29T09:02:00","date_gmt":"2026-04-29T15:02:00","guid":{"rendered":"https:\/\/mezcalent.com\/news\/?p=19870"},"modified":"2026-04-29T09:20:51","modified_gmt":"2026-04-29T15:20:51","slug":"thalia-esta-orgullosa-de-su-crecimiento","status":"publish","type":"post","link":"https:\/\/mezcalent.com\/news\/thalia-esta-orgullosa-de-su-crecimiento-19870.html","title":{"rendered":"Thal\u00eda est\u00e1 orgullosa de su crecimiento"},"content":{"rendered":"\n<p>29 ABR (MEX) .- A sus 54 a\u00f1os, Thal\u00eda ha atravesado momentos buenos y malos tanto a nivel personal como profesional; sin embargo, asegura que no cambiar\u00eda ninguno, pues todos ellos le han ayudado a forjarse como persona y como artista.<\/p>\n\n\n\n<p>A trav\u00e9s de su cuenta de Instagram, la cantante comparti\u00f3 una serie de fotograf\u00edas que abarcan desde que era una beb\u00e9 hasta que recibi\u00f3 su estrella en el Paseo de la Fama de Hollywood, pasando por sus primeras apariciones en la televisi\u00f3n y sus shows, y coloc\u00f3 un mensaje en el que se\u00f1al\u00f3 que le fascina ver lo lejos que ha llegado.<\/p>\n\n\n\n<p>\u00abEsta ni\u00f1ita que ven en estas fotos siempre tuvo el coraz\u00f3n lleno de sue\u00f1os y con unas ganas inmensas de luchar y volar alto. C\u00f3mo has crecido mi baby T, te veo y se me llena el coraz\u00f3n de much\u00edsimo amor, orgullo e ilusi\u00f3n. Cu\u00e1ntos sue\u00f1os no sembraste, cu\u00e1nta esperanza guardaste en tu alma desde peque\u00f1a y todo ese amor, esa fuerza y esa fe que mami y papi pusieron en ti, hoy florecen de la manera m\u00e1s hermosa\u00bb, escribi\u00f3 Thal\u00eda.&nbsp;<\/p>\n\n\n\n<p>Para finalizar, la int\u00e9rprete de \u00abMan\u00edas\u00bb cont\u00f3 que hoy ser\u00e1 galardonada con el premio Icon de&nbsp;Billboard&nbsp;Women in Music y agradeci\u00f3 a sus padres por impulsarla a luchar y a sus fan\u00e1ticos por todo el amor y apoyo que ha recibido a lo largo de su carrera.<\/p>\n\n\n\n<p>Fiera Lasa\/Mezcalent.com&nbsp;<\/p>\n\n\n\n<p>Prohibida su reproducci\u00f3n parcial o total. La copia o distribuci\u00f3n no autorizada de este art\u00edculo y su correspondiente imagen infringe los derechos de autor.<\/p>\n","protected":false},"excerpt":{"rendered":"<p>29 ABR (MEX) .- A sus 54 a\u00f1os, Thal\u00eda ha atravesado momentos buenos y malos tanto a nivel personal como profesional; sin embargo, asegura que no cambiar\u00eda ninguno, pues todos ellos le han ayudado a forjarse como persona y como artista.<\/p>\n","protected":false},"author":3,"featured_media":19872,"comment_status":"closed","ping_status":"closed","sticky":false,"template":"","format":"standard","meta":{"_seopress_robots_primary_cat":"none"},"categories":[1],"tags":[26],"acf":[],"_links":{"self":[{"href":"https:\/\/mezcalent.com\/news\/wp-json\/wp\/v2\/posts\/19870"}],"collection":[{"href":"https:\/\/mezcalent.com\/news\/wp-json\/wp\/v2\/posts"}],"about":[{"href":"https:\/\/mezcalent.com\/news\/wp-json\/wp\/v2\/types\/post"}],"author":[{"embeddable":true,"href":"https:\/\/mezcalent.com\/news\/wp-json\/wp\/v2\/users\/3"}],"replies":[{"embeddable":true,"href":"https:\/\/mezcalent.com\/news\/wp-json\/wp\/v2\/comments?post=19870"}],"version-history":[{"count":1,"href":"https:\/\/mezcalent.com\/news\/wp-json\/wp\/v2\/posts\/19870\/revisions"}],"predecessor-version":[{"id":19873,"href":"https:\/\/mezcalent.com\/news\/wp-json\/wp\/v2\/posts\/19870\/revisions\/19873"}],"wp:featuredmedia":[{"embeddable":true,"href":"https:\/\/mezcalent.com\/news\/wp-json\/wp\/v2\/media\/19872"}],"wp:attachment":[{"href":"https:\/\/mezcalent.com\/news\/wp-json\/wp\/v2\/media?parent=19870"}],"wp:term":[{"taxonomy":"category","embeddable":true,"href":"https:\/\/mezcalent.com\/news\/wp-json\/wp\/v2\/categories?post=19870"},{"taxonomy":"post_tag","embeddable":true,"href":"https:\/\/mezcalent.com\/news\/wp-json\/wp\/v2\/tags?post=19870"}],"curies":[{"name":"wp","href":"https:\/\/api.w.org\/{rel}","templated":true}]}}