{"id":19890,"date":"2026-05-01T08:00:00","date_gmt":"2026-05-01T14:00:00","guid":{"rendered":"https:\/\/mezcalent.com\/news\/?p=19890"},"modified":"2026-05-01T08:08:58","modified_gmt":"2026-05-01T14:08:58","slug":"ferdinando-valencia-da-detalles-del-parto-de-su-esposa","status":"publish","type":"post","link":"https:\/\/mezcalent.com\/news\/ferdinando-valencia-da-detalles-del-parto-de-su-esposa-19890.html","title":{"rendered":"Ferdinando Valencia da detalles del parto de su esposa\u00a0"},"content":{"rendered":"\n<p>01 MAY (MEX) .- A un mes del nacimiento del peque\u00f1o Saulo despu\u00e9s de haber perdido a uno de sus gemelos en el 2019, Ferdinando Valencia ha querido mostrarle a todos sus fan\u00e1ticos c\u00f3mo fue que el beb\u00e9 lleg\u00f3 al mundo.<\/p>\n\n\n\n<p>A trav\u00e9s de su cuenta de Instagram, el actor comparti\u00f3 un video en el que revel\u00f3 que la ruptura de la fuente los agarr\u00f3 por sorpresa a \u00e9l, a su esposa Brenda Kellerman y a su hijo Tadeo mientras hac\u00edan un paseo familiar y confes\u00f3 que la ansiedad se apoder\u00f3 de \u00e9l en el momento en el que tuvo que llevarla al hospital.<\/p>\n\n\n\n<p>\u00abLo que plane\u00e1bamos como un parto natural se volvi\u00f3 una carrera desesperada contra el reloj. Llegamos al hospital y nos dieron la noticia de que hubo complicaciones, por lo que al final tuvieron que hacerle una ces\u00e1rea de emergencia. Ten\u00edamos miedo de que la historia se repitiera, pero Dios ten\u00eda un plan muy diferente\u00bb, dijo Ferdinando.&nbsp;<\/p>\n\n\n\n<p>Para finalizar, el histri\u00f3n se\u00f1al\u00f3 que afortunadamente todo sali\u00f3 bien y el beb\u00e9 goza de muy buena salud. Asimismo, comparti\u00f3 en YouTube un video en el que muestra todo lo ocurrido, el primer encuentro del reci\u00e9n nacido con su hermano mayor y la primera vez que lo cargaron algunos de sus familiares.<\/p>\n\n\n\n<p>Fiera Lasa\/Mezcalent.com&nbsp;<\/p>\n\n\n\n<p>Prohibida su reproducci\u00f3n parcial o total. La copia o distribuci\u00f3n no autorizada de este art\u00edculo y su correspondiente imagen infringe los derechos de autor.<\/p>\n","protected":false},"excerpt":{"rendered":"<p>01 MAY (MEX) .- A un mes del nacimiento del peque\u00f1o Saulo despu\u00e9s de haber perdido a uno de sus gemelos en el 2019, Ferdinando Valencia ha querido mostrarle a todos sus fan\u00e1ticos c\u00f3mo fue que el beb\u00e9 lleg\u00f3 al mundo.<\/p>\n","protected":false},"author":3,"featured_media":19892,"comment_status":"closed","ping_status":"closed","sticky":false,"template":"","format":"standard","meta":{"_seopress_robots_primary_cat":"none"},"categories":[1],"tags":[752],"acf":[],"_links":{"self":[{"href":"https:\/\/mezcalent.com\/news\/wp-json\/wp\/v2\/posts\/19890"}],"collection":[{"href":"https:\/\/mezcalent.com\/news\/wp-json\/wp\/v2\/posts"}],"about":[{"href":"https:\/\/mezcalent.com\/news\/wp-json\/wp\/v2\/types\/post"}],"author":[{"embeddable":true,"href":"https:\/\/mezcalent.com\/news\/wp-json\/wp\/v2\/users\/3"}],"replies":[{"embeddable":true,"href":"https:\/\/mezcalent.com\/news\/wp-json\/wp\/v2\/comments?post=19890"}],"version-history":[{"count":1,"href":"https:\/\/mezcalent.com\/news\/wp-json\/wp\/v2\/posts\/19890\/revisions"}],"predecessor-version":[{"id":19893,"href":"https:\/\/mezcalent.com\/news\/wp-json\/wp\/v2\/posts\/19890\/revisions\/19893"}],"wp:featuredmedia":[{"embeddable":true,"href":"https:\/\/mezcalent.com\/news\/wp-json\/wp\/v2\/media\/19892"}],"wp:attachment":[{"href":"https:\/\/mezcalent.com\/news\/wp-json\/wp\/v2\/media?parent=19890"}],"wp:term":[{"taxonomy":"category","embeddable":true,"href":"https:\/\/mezcalent.com\/news\/wp-json\/wp\/v2\/categories?post=19890"},{"taxonomy":"post_tag","embeddable":true,"href":"https:\/\/mezcalent.com\/news\/wp-json\/wp\/v2\/tags?post=19890"}],"curies":[{"name":"wp","href":"https:\/\/api.w.org\/{rel}","templated":true}]}}