{"id":19894,"date":"2026-05-01T08:02:00","date_gmt":"2026-05-01T14:02:00","guid":{"rendered":"https:\/\/mezcalent.com\/news\/?p=19894"},"modified":"2026-05-01T08:10:43","modified_gmt":"2026-05-01T14:10:43","slug":"ela-velden-reprueba-imagen-suya-hecha-con-ia","status":"publish","type":"post","link":"https:\/\/mezcalent.com\/news\/ela-velden-reprueba-imagen-suya-hecha-con-ia-19894.html","title":{"rendered":"Ela Velden reprueba imagen suya hecha con IA\u00a0"},"content":{"rendered":"\n<p>01 MAY (MEX) .- Luego de que durante la semana de estreno de la telenovela \u00abMi Rival\u00bb las redes sociales estallaran en cr\u00edticas por el uso exagerado de inteligencia artificial en su entrada, ahora es Ela Velden quien rompe el silencio.<\/p>\n\n\n\n<p>Durante un encuentro con los medios, la actriz asegur\u00f3 que no est\u00e1 nada contenta con los arreglos que hizo la producci\u00f3n, pues su rostro se ve muy retocado y muchos de sus rasgos ni siquiera se parecen a los suyos.<\/p>\n\n\n\n<p>\u00abLa persona que est\u00e1 ah\u00ed ni siquiera es persona. La imagen, que seg\u00fan esto es la m\u00eda, no soy yo. No me representa, es una imagen completamente distorsionada de lo que yo he construido, admirado, respetado y evolucionado. Adem\u00e1s, me he terapeado para poder aceptarme como tal cual como soy y que en estas im\u00e1genes me cambien y que sea otra persona s\u00ed me causa mucho conflicto\u00bb, dijo Ela.<\/p>\n\n\n\n<p>Para finalizar, la protagonista de este melodrama se\u00f1al\u00f3 que considera este hecho una falta de respeto no solamente para ella, sino tambi\u00e9n para todos los miembros que se encuentran detr\u00e1s de c\u00e1maras como el director de fotograf\u00eda o el de iluminaci\u00f3n.<\/p>\n\n\n\n<p>Fiera Lasa\/Mezcalent.com&nbsp;<\/p>\n\n\n\n<p>Prohibida su reproducci\u00f3n parcial o total. La copia o distribuci\u00f3n no autorizada de este art\u00edculo y su correspondiente imagen infringe los derechos de autor.<\/p>\n","protected":false},"excerpt":{"rendered":"<p>01 MAY (MEX) .- Luego de que durante la semana de estreno de la telenovela &quot;Mi Rival&quot; las redes sociales estallaran en cr\u00edticas por el uso exagerado de inteligencia artificial en su entrada, ahora es Ela Velden quien rompe el silencio.<\/p>\n","protected":false},"author":3,"featured_media":19897,"comment_status":"closed","ping_status":"closed","sticky":false,"template":"","format":"standard","meta":{"_seopress_robots_primary_cat":"none"},"categories":[1],"tags":[717],"acf":[],"_links":{"self":[{"href":"https:\/\/mezcalent.com\/news\/wp-json\/wp\/v2\/posts\/19894"}],"collection":[{"href":"https:\/\/mezcalent.com\/news\/wp-json\/wp\/v2\/posts"}],"about":[{"href":"https:\/\/mezcalent.com\/news\/wp-json\/wp\/v2\/types\/post"}],"author":[{"embeddable":true,"href":"https:\/\/mezcalent.com\/news\/wp-json\/wp\/v2\/users\/3"}],"replies":[{"embeddable":true,"href":"https:\/\/mezcalent.com\/news\/wp-json\/wp\/v2\/comments?post=19894"}],"version-history":[{"count":1,"href":"https:\/\/mezcalent.com\/news\/wp-json\/wp\/v2\/posts\/19894\/revisions"}],"predecessor-version":[{"id":19896,"href":"https:\/\/mezcalent.com\/news\/wp-json\/wp\/v2\/posts\/19894\/revisions\/19896"}],"wp:featuredmedia":[{"embeddable":true,"href":"https:\/\/mezcalent.com\/news\/wp-json\/wp\/v2\/media\/19897"}],"wp:attachment":[{"href":"https:\/\/mezcalent.com\/news\/wp-json\/wp\/v2\/media?parent=19894"}],"wp:term":[{"taxonomy":"category","embeddable":true,"href":"https:\/\/mezcalent.com\/news\/wp-json\/wp\/v2\/categories?post=19894"},{"taxonomy":"post_tag","embeddable":true,"href":"https:\/\/mezcalent.com\/news\/wp-json\/wp\/v2\/tags?post=19894"}],"curies":[{"name":"wp","href":"https:\/\/api.w.org\/{rel}","templated":true}]}}