{"id":21093,"date":"2026-09-01T07:15:00","date_gmt":"2026-09-01T13:15:00","guid":{"rendered":"https:\/\/mezcalent.com\/news\/?p=21093"},"modified":"2026-09-01T08:52:16","modified_gmt":"2026-09-01T14:52:16","slug":"video-scarlet-gruber-enamorada-pero-no-quiere-boda","status":"publish","type":"post","link":"https:\/\/mezcalent.com\/news\/video-scarlet-gruber-enamorada-pero-no-quiere-boda-21093.html","title":{"rendered":"VIDEO: Scarlet Gruber enamorada pero no quiere boda"},"content":{"rendered":"\n<p>01 SEP (MEX) .- Scarlet Gruber comparte que tiene un romance muy estable con Christopher Esqueda y cuenta qu\u00e9 es lo que la ha mantenido enamorada del fot\u00f3grafo a lo largo de cinco a\u00f1os de relaci\u00f3n.<\/p>\n\n\n\n<p>\u00abCinco a\u00f1os cumplimos en julio; feliz, agradecida, la verdad es que me siento como que muy bendecida de poder tener este amor bonito que siempre so\u00f1\u00e9. Un hombre que me apoya, que me admira, que me quiere ver brillar y eso lo apreci\u00f3; yo tambi\u00e9n lo admiro much\u00edsimo y siempre quiero verlo en las estrellas.<\/p>\n\n\n\n<p>\u00abSiempre me est\u00e1 dando tips y me quiere ver brillar. Me dice &#8216;p\u00e1rate bien&#8217;, como es fot\u00f3grafo entiende mucho a la postura y todo, entonces siempre me da sus tips y me encanta porque creo que en esta carrera sobre todo es muy dif\u00edcil conseguir una pareja que te quiera ver brillar, que te quiera ver bien\u00bb.<\/p>\n\n\n\n<p>Y aunque la pareja se muestra siempre muy enamorada durante sus viajes en las im\u00e1genes que comparten en redes sociales, Scarlet asegura que en sus planes no est\u00e1 el casarse.<\/p>\n\n\n\n<figure class=\"wp-block-embed is-type-video is-provider-youtube wp-block-embed-youtube wp-embed-aspect-16-9 wp-has-aspect-ratio\"><div class=\"wp-block-embed__wrapper\">\n<iframe loading=\"lazy\" title=\"Scarlet Gruber enamorada, pero no quiere boda\" width=\"500\" height=\"281\" src=\"https:\/\/www.youtube.com\/embed\/bwHHOqJxNwQ?feature=oembed\" frameborder=\"0\" allow=\"accelerometer; autoplay; clipboard-write; encrypted-media; gyroscope; picture-in-picture; web-share\" referrerpolicy=\"strict-origin-when-cross-origin\" allowfullscreen><\/iframe>\n<\/div><\/figure>\n\n\n\n<p>\u00abNo f\u00edjate. Yo estoy tan tranquila, estoy tan bien, estoy tan en paz que no es algo que necesite. Si se da, pues bienvenido, pero no es algo que busco, estoy muy feliz y plena ahorita como estoy\u00bb.<\/p>\n\n\n\n<p>La venezolana est\u00e1 en plenas grabaciones de la telenovela \u00abTodav\u00eda Te Amo\u00bb (TelevisaUnivision), a\u00fan de pr\u00f3ximo estreno, donde ser\u00e1 hermana de Graco Sendel y Samathi Zendejas, con quienes adem\u00e1s de parecido f\u00edsico compartir\u00e1n drama en escena y&#8230; \u00a1cachetadas!<\/p>\n\n\n\n<p>\u00abYa me lo han dicho y con Graco &nbsp;tambi\u00e9n, los tres estamos perfectos Samadhi tambi\u00e9n es una gran actriz. Tenemos tambi\u00e9n muchas escenas donde nos confrontamos. No somos hermanitas que nos queremos much\u00edsimo, sino que las dos tenemos este constante enfrentamiento, as\u00ed que van a ver cachetadas y van a ver el car\u00e1cter.<\/p>\n\n\n\n<p>\u00abEso no se practica, eso es en escena y no hay que darlas, porque ya he visto que algunas personas s\u00ed las dan y no hay necesidad, esto se va a ver, van a ver este fuego entre las dos\u00bb.<\/p>\n\n\n\n<p>Erika Uribe y Lalo Carrasco\/MezcalTV<\/p>\n\n\n\n<p>Prohibida su reproducci\u00f3n parcial o total. La copia o distribuci\u00f3n no autorizada de este art\u00edculo y su correspondiente imagen infringe los derechos de autor.<\/p>\n","protected":false},"excerpt":{"rendered":"<p>01 SEP (MEX) .- Scarlet Gruber comparte que tiene un romance muy estable con Christopher Esqueda y cuenta qu\u00e9 es lo que la ha mantenido enamorada del fot\u00f3grafo a lo largo de cinco a\u00f1os de relaci\u00f3n.<\/p>\n","protected":false},"author":3,"featured_media":21095,"comment_status":"closed","ping_status":"closed","sticky":false,"template":"","format":"standard","meta":{"_seopress_robots_primary_cat":"none"},"categories":[1],"tags":[361],"acf":[],"_links":{"self":[{"href":"https:\/\/mezcalent.com\/news\/wp-json\/wp\/v2\/posts\/21093"}],"collection":[{"href":"https:\/\/mezcalent.com\/news\/wp-json\/wp\/v2\/posts"}],"about":[{"href":"https:\/\/mezcalent.com\/news\/wp-json\/wp\/v2\/types\/post"}],"author":[{"embeddable":true,"href":"https:\/\/mezcalent.com\/news\/wp-json\/wp\/v2\/users\/3"}],"replies":[{"embeddable":true,"href":"https:\/\/mezcalent.com\/news\/wp-json\/wp\/v2\/comments?post=21093"}],"version-history":[{"count":2,"href":"https:\/\/mezcalent.com\/news\/wp-json\/wp\/v2\/posts\/21093\/revisions"}],"predecessor-version":[{"id":21105,"href":"https:\/\/mezcalent.com\/news\/wp-json\/wp\/v2\/posts\/21093\/revisions\/21105"}],"wp:featuredmedia":[{"embeddable":true,"href":"https:\/\/mezcalent.com\/news\/wp-json\/wp\/v2\/media\/21095"}],"wp:attachment":[{"href":"https:\/\/mezcalent.com\/news\/wp-json\/wp\/v2\/media?parent=21093"}],"wp:term":[{"taxonomy":"category","embeddable":true,"href":"https:\/\/mezcalent.com\/news\/wp-json\/wp\/v2\/categories?post=21093"},{"taxonomy":"post_tag","embeddable":true,"href":"https:\/\/mezcalent.com\/news\/wp-json\/wp\/v2\/tags?post=21093"}],"curies":[{"name":"wp","href":"https:\/\/api.w.org\/{rel}","templated":true}]}}