{"id":21101,"date":"2026-09-01T08:32:00","date_gmt":"2026-09-01T14:32:00","guid":{"rendered":"https:\/\/mezcalent.com\/news\/?p=21101"},"modified":"2026-09-01T08:51:19","modified_gmt":"2026-09-01T14:51:19","slug":"mama-de-tini-stoessel-defiende-a-su-ex-de-escandalo-financiero","status":"publish","type":"post","link":"https:\/\/mezcalent.com\/news\/mama-de-tini-stoessel-defiende-a-su-ex-de-escandalo-financiero-21101.html","title":{"rendered":"Mam\u00e1 de Tini Stoessel defiende a su ex de esc\u00e1ndalo financiero\u00a0"},"content":{"rendered":"\n<p>01 SEP (MEX) .- La relaci\u00f3n entre Tini Stoessel y su padre se vio severamente afectada hace unas semanas luego de que ella descubriera que el se\u00f1or estaba haciendo un mal manejo a sus ganancias desde hace a\u00f1os y aunque ella no ha declarado nada al respecto, su mam\u00e1 ha decidido romper el silencio.<\/p>\n\n\n\n<p>Mediante un mensaje de texto enviado al programa argentino \u00abIntrusos\u00bb, do\u00f1a Mariana Muzlera asegur\u00f3 que don Alejandro, de quien se separ\u00f3 hace a\u00f1os, es inocente de lo que se le acusa y se\u00f1al\u00f3 que \u00e9l s\u00f3lo est\u00e1 haciendo lo que considera mejor para su hija.<\/p>\n\n\n\n<p>\u00abAlejandro es el mejor pap\u00e1 del mundo y como profesional no creo que haya otro igual. No existe un tipo m\u00e1s honesto, es impecable, con valores, \u00e9tica y moral indiscutible. Lo digo yo, que lo conozco desde los 17 a\u00f1os\u00bb, escribi\u00f3 la se\u00f1ora.<\/p>\n\n\n\n<p>Asimismo, la madre de la cantante asegur\u00f3 que, derivado del esc\u00e1ndalo, ha sido v\u00edctima de comentarios agresivos y amenazas en las redes sociales, situaci\u00f3n que la tiene muy preocupada y espera que se detenga lo m\u00e1s pronto posible.<\/p>\n\n\n\n<p>Fiera Lasa\/Mezcalent.com&nbsp;<\/p>\n\n\n\n<p>Prohibida su reproducci\u00f3n parcial o total. La copia o distribuci\u00f3n no autorizada de este art\u00edculo y su correspondiente imagen infringe los derechos de autor.<\/p>\n","protected":false},"excerpt":{"rendered":"<p>01 SEP (MEX) .- La relaci\u00f3n entre Tini Stoessel y su padre se vio severamente afectada hace unas semanas luego de que ella descubriera que el se\u00f1or estaba haciendo un mal manejo a sus ganancias desde hace a\u00f1os y aunque ella no ha declarado nada al respecto, su mam\u00e1 ha decidido romper el silencio.<\/p>\n","protected":false},"author":3,"featured_media":21103,"comment_status":"closed","ping_status":"closed","sticky":false,"template":"","format":"standard","meta":{"_seopress_robots_primary_cat":"none"},"categories":[1],"tags":[53],"acf":[],"_links":{"self":[{"href":"https:\/\/mezcalent.com\/news\/wp-json\/wp\/v2\/posts\/21101"}],"collection":[{"href":"https:\/\/mezcalent.com\/news\/wp-json\/wp\/v2\/posts"}],"about":[{"href":"https:\/\/mezcalent.com\/news\/wp-json\/wp\/v2\/types\/post"}],"author":[{"embeddable":true,"href":"https:\/\/mezcalent.com\/news\/wp-json\/wp\/v2\/users\/3"}],"replies":[{"embeddable":true,"href":"https:\/\/mezcalent.com\/news\/wp-json\/wp\/v2\/comments?post=21101"}],"version-history":[{"count":1,"href":"https:\/\/mezcalent.com\/news\/wp-json\/wp\/v2\/posts\/21101\/revisions"}],"predecessor-version":[{"id":21104,"href":"https:\/\/mezcalent.com\/news\/wp-json\/wp\/v2\/posts\/21101\/revisions\/21104"}],"wp:featuredmedia":[{"embeddable":true,"href":"https:\/\/mezcalent.com\/news\/wp-json\/wp\/v2\/media\/21103"}],"wp:attachment":[{"href":"https:\/\/mezcalent.com\/news\/wp-json\/wp\/v2\/media?parent=21101"}],"wp:term":[{"taxonomy":"category","embeddable":true,"href":"https:\/\/mezcalent.com\/news\/wp-json\/wp\/v2\/categories?post=21101"},{"taxonomy":"post_tag","embeddable":true,"href":"https:\/\/mezcalent.com\/news\/wp-json\/wp\/v2\/tags?post=21101"}],"curies":[{"name":"wp","href":"https:\/\/api.w.org\/{rel}","templated":true}]}}