{"id":21106,"date":"2026-09-02T07:15:00","date_gmt":"2026-09-02T13:15:00","guid":{"rendered":"https:\/\/mezcalent.com\/news\/?p=21106"},"modified":"2026-09-02T07:26:46","modified_gmt":"2026-09-02T13:26:46","slug":"video-ester-exposito-confiesa-como-es-en-el-amor","status":"publish","type":"post","link":"https:\/\/mezcalent.com\/news\/video-ester-exposito-confiesa-como-es-en-el-amor-21106.html","title":{"rendered":"VIDEO: Ester Exp\u00f3sito confiesa c\u00f3mo es en el amor"},"content":{"rendered":"\n<p>02 SEP (MIA) .- Ester Exp\u00f3sito protagoniza junto a Hugo Diego Garc\u00eda la cinta \u00abEnfrentados (Marfil y \u00c9bano)\u00bb (Prime Video), a partir del 9 de septiembre). La actriz espa\u00f1ola y pareja del jugador de futbol Kylian Mbappe confes\u00f3 lo que la asemeja a su personaje y lo que la distingue de \u00e9l en el plano del amor.<\/p>\n\n\n\n<p>\u00abSiempre me gust\u00f3 de &#8216;Marfil&#8217;, cuando le\u00ed el gui\u00f3n y conoc\u00ed la historia, que es una mujer de armas tomar, fuerte y que despu\u00e9s de que la secuestran al principio de la historia no se queda en ese lugar de v\u00edctima sino que quiere aprender a pelear, a defenderse, como valerse por s\u00ed misma, y que siempre se rebela contra la autoridad, contra su padre, al principio contra el guardaespaldas que le ponen ah\u00ed, \u00bfno?<\/p>\n\n\n\n<p>\u00abEntonces me siento bastante identificada con esas caracter\u00edsticas. Tambi\u00e9n es muy cabezota, como yo. Y por supuesto, en el amor, en la conquista, me encanta que &#8216;Marfil&#8217; s\u00ed tiene la iniciativa. Es muy proactiva, \u00bfno? Y no se corta un pelo, si quiere algo, pues va por ello\u00bb.<\/p>\n\n\n\n<p>&#8211; \u00bfY en el amor tambi\u00e9n te identificas?<br>Yo soy&#8230; Bueno, s\u00ed, tambi\u00e9n, pero s\u00ed que ella es muy impulsiva y muy de hablar y expresar todo lo que le pasa. Yo soy un poquito m\u00e1s fr\u00eda y mental.<\/p>\n\n\n\n<p>-\u00bfT\u00fa tambi\u00e9n tomas la iniciativa?<br>Ambos. Me gusta tomarla yo a veces y que una persona tenga iniciativa, l\u00f3gicamente tambi\u00e9n, pero esa es la diferencia: Que yo soy m\u00e1s fr\u00eda a la hora de expresarme.<\/p>\n\n\n\n<figure class=\"wp-block-embed is-type-video is-provider-youtube wp-block-embed-youtube wp-embed-aspect-16-9 wp-has-aspect-ratio\"><div class=\"wp-block-embed__wrapper\">\n<iframe loading=\"lazy\" title=\"Ester Exp\u00f3sito confiesa c\u00f3mo es en el amor\" width=\"500\" height=\"281\" src=\"https:\/\/www.youtube.com\/embed\/Es7iiOvEaWg?feature=oembed\" frameborder=\"0\" allow=\"accelerometer; autoplay; clipboard-write; encrypted-media; gyroscope; picture-in-picture; web-share\" referrerpolicy=\"strict-origin-when-cross-origin\" allowfullscreen><\/iframe>\n<\/div><\/figure>\n\n\n\n<p>Para su compa\u00f1ero de reparto, el actor Hugo Diego Garc\u00eda, no cabe en duda que ella se parece al personaje.<\/p>\n\n\n\n<p>&#8211; Hugo, \u00bfqu\u00e9 fue lo primero que pensaste cuando conociste a Ester Exp\u00f3sito?<br>Yo pens\u00e9 que era una estrella la primera vez que la vi. Son cosas que no se compran y ella lo ten\u00eda, este aura.<\/p>\n\n\n\n<p>&#8211; \u00bfQu\u00e9 es lo que la gente no imagina de Ester?<br>Que es alguien muy fuerte. Creo que no se ve f\u00edsicamente, pero que tiene&#8230; ella tiene el \u00ab\u00a1punch!\u00bb, como decimos.<\/p>\n\n\n\n<p>&#8211; Hay una segunda parte, \u00bfqu\u00e9 nos puedes adelantar?<br>La segunda parte es cosa completamente diferente. Aunque hay amor, es m\u00e1s de acci\u00f3n, es m\u00e1s como una \u00abcooker pressure\u00bb.<\/p>\n\n\n\n<p>Jennifer Garc\u00eda\/MezcalTV<\/p>\n\n\n\n<p>Prohibida su reproducci\u00f3n parcial o total. La copia o distribuci\u00f3n no autorizada de este art\u00edculo y su correspondiente imagen infringe los derechos de autor.<\/p>\n","protected":false},"excerpt":{"rendered":"<p>02 SEP (MIA) .- Ester Exp\u00f3sito protagoniza junto a Hugo Diego Garc\u00eda la cinta &quot;Enfrentados (Marfil y \u00c9bano)&quot; (Prime Video), a partir del 9 de septiembre). La actriz espa\u00f1ola y pareja del jugador de futbol Kylian Mbappe confes\u00f3 lo que la asemeja a su personaje y lo que la distingue de \u00e9l en el plano del amor.<\/p>\n","protected":false},"author":3,"featured_media":21108,"comment_status":"closed","ping_status":"closed","sticky":false,"template":"","format":"standard","meta":{"_seopress_robots_primary_cat":"none"},"categories":[1],"tags":[2053],"acf":[],"_links":{"self":[{"href":"https:\/\/mezcalent.com\/news\/wp-json\/wp\/v2\/posts\/21106"}],"collection":[{"href":"https:\/\/mezcalent.com\/news\/wp-json\/wp\/v2\/posts"}],"about":[{"href":"https:\/\/mezcalent.com\/news\/wp-json\/wp\/v2\/types\/post"}],"author":[{"embeddable":true,"href":"https:\/\/mezcalent.com\/news\/wp-json\/wp\/v2\/users\/3"}],"replies":[{"embeddable":true,"href":"https:\/\/mezcalent.com\/news\/wp-json\/wp\/v2\/comments?post=21106"}],"version-history":[{"count":1,"href":"https:\/\/mezcalent.com\/news\/wp-json\/wp\/v2\/posts\/21106\/revisions"}],"predecessor-version":[{"id":21109,"href":"https:\/\/mezcalent.com\/news\/wp-json\/wp\/v2\/posts\/21106\/revisions\/21109"}],"wp:featuredmedia":[{"embeddable":true,"href":"https:\/\/mezcalent.com\/news\/wp-json\/wp\/v2\/media\/21108"}],"wp:attachment":[{"href":"https:\/\/mezcalent.com\/news\/wp-json\/wp\/v2\/media?parent=21106"}],"wp:term":[{"taxonomy":"category","embeddable":true,"href":"https:\/\/mezcalent.com\/news\/wp-json\/wp\/v2\/categories?post=21106"},{"taxonomy":"post_tag","embeddable":true,"href":"https:\/\/mezcalent.com\/news\/wp-json\/wp\/v2\/tags?post=21106"}],"curies":[{"name":"wp","href":"https:\/\/api.w.org\/{rel}","templated":true}]}}